{"id":795,"date":"2020-07-16T15:09:20","date_gmt":"2020-07-16T18:09:20","guid":{"rendered":"http:\/\/sanguefrioproducoes.com\/wordpress\/?p=795"},"modified":"2020-07-16T15:09:20","modified_gmt":"2020-07-16T18:09:20","slug":"vulcano-tales-from-the-black-book-e-destaque-no-discografia-comentada","status":"publish","type":"post","link":"https:\/\/sanguefrioproducoes.com\/wordpress\/2020\/07\/16\/vulcano-tales-from-the-black-book-e-destaque-no-discografia-comentada\/","title":{"rendered":"VULCANO: \u201cTales From The Black Book\u201d \u00e9 destaque no \u2018Discografia Comentada\u2019"},"content":{"rendered":"<p>Um cl\u00e1ssico dos anos 2000, LITERALMENTE! \u201cTales From The Black Book\u201d, do VULCANO, \u00e9 o destaque do novo epis\u00f3dio do \u2018Discografia Comentada\u2019, feito pelo canal United By Metal.<\/p>\n<p>E Zhema Rodero fala sobre este retorno, que por in\u00fameras insist\u00eancias de Soto J\u00fanior \u2013 falecido no final de 2001 \u2013 resolveu voltar a compor. Em 2002, o guitarrista decidiu homenage\u00e1-lo com um disco, chamou Arthur \u2018Von Barbarian\u2019 e bom, o resto \u00e9 hist\u00f3ria, confira:<\/p>\n<p><iframe title=\"Discografia Comentada: Tales from the Black Book (2003), por Zhema Rodero\" width=\"640\" height=\"360\" src=\"https:\/\/www.youtube.com\/embed\/dYGQqhmEM4I?feature=oembed\" frameborder=\"0\" allow=\"accelerometer; autoplay; clipboard-write; encrypted-media; gyroscope; picture-in-picture; web-share\" referrerpolicy=\"strict-origin-when-cross-origin\" allowfullscreen><\/iframe><\/p>\n<p>Recentemente foi divulgado um novo v\u00eddeo sobre o \u00e1lbum \u201cThunder Metal\u201d, split lan\u00e7ado em 2006 ao lado dos suecos do Nifelheim, assista:<\/p>\n<p><iframe title=\"Discografia Comentada: Thunder Metal (2006), Por Zhema Rodero.\" width=\"640\" height=\"360\" src=\"https:\/\/www.youtube.com\/embed\/exIKjtuBbus?feature=oembed\" frameborder=\"0\" allow=\"accelerometer; autoplay; clipboard-write; encrypted-media; gyroscope; picture-in-picture; web-share\" referrerpolicy=\"strict-origin-when-cross-origin\" allowfullscreen><\/iframe><\/p>\n<p>Para conferir todos os v\u00eddeos, que ser\u00e3o lan\u00e7ados semanalmente, inscreva-se no canal do United By Metal, ative o sininho para receber as notifica\u00e7\u00f5es, e se poss\u00edvel seja membro, apoie o Metal underground nacional: <a href=\"https:\/\/www.youtube.com\/channel\/UCklWdQKReycCm-KeejNgvNA\" target=\"_blank\" rel=\"noopener noreferrer\">https:\/\/www.youtube.com\/channel\/UCklWdQKReycCm-KeejNgvNA<\/a><\/p>\n<p>Assista tamb\u00e9m o mais novo trabalho audiovisual do VULCANO em seu novo canal oficial, intitulado \u201cThe Awakening of an Ancient and Wicked Soul \u2013 A Trilogy Music Video\u201d, que traz o EP completo \u2013 lan\u00e7ado em 2014 \u2013 em v\u00eddeo, uma vez que se faz necess\u00e1rio para o melhor entendimento do conte\u00fado deste material:<\/p>\n<p><iframe title=\"VULCANO - THE AWAKENING OF AN ANCIENT AND WICKED SOUL - A TRILOGY\" width=\"640\" height=\"360\" src=\"https:\/\/www.youtube.com\/embed\/4mL9ArPKs4w?feature=oembed\" frameborder=\"0\" allow=\"accelerometer; autoplay; clipboard-write; encrypted-media; gyroscope; picture-in-picture; web-share\" referrerpolicy=\"strict-origin-when-cross-origin\" allowfullscreen><\/iframe><\/p>\n<p>Inscreva-se no novo canal da banda e ative o sininho para receber as notifica\u00e7\u00f5es: <a href=\"https:\/\/www.youtube.com\/channel\/UCBf-wOJ33ivCpufeSHWEdow\" target=\"_blank\" rel=\"noopener noreferrer\">https:\/\/www.youtube.com\/channel\/UCBf-wOJ33ivCpufeSHWEdow<\/a><\/p>\n<p>Contato para shows:<br \/>\nE-mail: <a href=\"mailto:contatovulcano@gmail.com\">contatovulcano@gmail.com<\/a><br \/>\n<a href=\"https:\/\/api.whatsapp.com\/send?1=pt_BR&amp;phone=5546988387204\">WhatsApp\/Telegram: (46) 98838-7204 \u2013 Sangue Frio Produ\u00e7\u00f5es<\/a><\/p>\n<p>Contato para assessoria de imprensa: <a href=\"http:\/\/www.sanguefrioproducoes.com\/contato\">www.sanguefrioproducoes.com\/contato<\/a><br \/>\nSites relacionados:<br \/>\n<a href=\"https:\/\/www.facebook.com\/ImperiousMalevolence\/\">https:\/\/www.facebook.com\/ImperiousMalevolence\/<\/a><br \/>\n<a href=\"https:\/\/www.instagram.com\/imperiousmalevolence\/\">https:\/\/www.instagram.com\/imperiousmalevolence\/<\/a><br \/>\n<a href=\"https:\/\/www.sanguefrioproducoes.com\/bandas\/ImperiousMalevolence\/23\">https:\/\/www.sanguefrioproducoes.com\/bandas\/ImperiousMalevolence\/23<\/a><\/p>\n","protected":false},"excerpt":{"rendered":"<p>Um cl\u00e1ssico dos anos 2000, LITERALMENTE! \u201cTales From The Black Book\u201d, do VULCANO, \u00e9 o destaque do novo epis\u00f3dio do \u2018Discografia Comentada\u2019, feito pelo canal United By Metal. E Zhema Rodero fala sobre este retorno, que por in\u00fameras insist\u00eancias de Soto J\u00fanior \u2013 falecido no final de 2001 \u2013 resolveu voltar a compor. Em 2002, [&hellip;]<\/p>\n","protected":false},"author":1,"featured_media":796,"comment_status":"closed","ping_status":"open","sticky":false,"template":"","format":"standard","meta":{"_jetpack_memberships_contains_paid_content":false,"footnotes":""},"categories":[17,7],"tags":[170,15],"class_list":["post-795","post","type-post","status-publish","format-standard","has-post-thumbnail","hentry","category-clipping","category-news","tag-discografia-comentada","tag-vulcano"],"yoast_head":"<!-- This site is optimized with the Yoast SEO plugin v23.7 - https:\/\/yoast.com\/wordpress\/plugins\/seo\/ -->\n<title>VULCANO: \u201cTales From The Black Book\u201d \u00e9 destaque no \u2018Discografia Comentada\u2019 - Sangue Frio Produ\u00e7\u00f5es<\/title>\n<meta name=\"robots\" content=\"index, follow, max-snippet:-1, max-image-preview:large, max-video-preview:-1\" \/>\n<link rel=\"canonical\" href=\"https:\/\/sanguefrioproducoes.com\/wordpress\/2020\/07\/16\/vulcano-tales-from-the-black-book-e-destaque-no-discografia-comentada\/\" \/>\n<meta property=\"og:locale\" content=\"pt_BR\" \/>\n<meta property=\"og:type\" content=\"article\" \/>\n<meta property=\"og:title\" content=\"VULCANO: \u201cTales From The Black Book\u201d \u00e9 destaque no \u2018Discografia Comentada\u2019 - Sangue Frio Produ\u00e7\u00f5es\" \/>\n<meta property=\"og:description\" content=\"Um cl\u00e1ssico dos anos 2000, LITERALMENTE! \u201cTales From The Black Book\u201d, do VULCANO, \u00e9 o destaque do novo epis\u00f3dio do \u2018Discografia Comentada\u2019, feito pelo canal United By Metal. E Zhema Rodero fala sobre este retorno, que por in\u00fameras insist\u00eancias de Soto J\u00fanior \u2013 falecido no final de 2001 \u2013 resolveu voltar a compor. Em 2002, [&hellip;]\" \/>\n<meta property=\"og:url\" content=\"https:\/\/sanguefrioproducoes.com\/wordpress\/2020\/07\/16\/vulcano-tales-from-the-black-book-e-destaque-no-discografia-comentada\/\" \/>\n<meta property=\"og:site_name\" content=\"Sangue Frio Produ\u00e7\u00f5es\" \/>\n<meta property=\"article:published_time\" content=\"2020-07-16T18:09:20+00:00\" \/>\n<meta property=\"og:image\" content=\"https:\/\/sanguefrioproducoes.com\/wordpress\/wp-content\/uploads\/2020\/07\/108936415_1354636141402779_7633725265200538114_n.jpg\" \/>\n\t<meta property=\"og:image:width\" content=\"703\" \/>\n\t<meta property=\"og:image:height\" content=\"384\" \/>\n\t<meta property=\"og:image:type\" content=\"image\/jpeg\" \/>\n<meta name=\"author\" content=\"sanguefrioproducoes\" \/>\n<meta name=\"twitter:card\" content=\"summary_large_image\" \/>\n<meta name=\"twitter:label1\" content=\"Escrito por\" \/>\n\t<meta name=\"twitter:data1\" content=\"sanguefrioproducoes\" \/>\n\t<meta name=\"twitter:label2\" content=\"Est. tempo de leitura\" \/>\n\t<meta name=\"twitter:data2\" content=\"1 minuto\" \/>\n<script type=\"application\/ld+json\" class=\"yoast-schema-graph\">{\"@context\":\"https:\/\/schema.org\",\"@graph\":[{\"@type\":\"Article\",\"@id\":\"https:\/\/sanguefrioproducoes.com\/wordpress\/2020\/07\/16\/vulcano-tales-from-the-black-book-e-destaque-no-discografia-comentada\/#article\",\"isPartOf\":{\"@id\":\"https:\/\/sanguefrioproducoes.com\/wordpress\/2020\/07\/16\/vulcano-tales-from-the-black-book-e-destaque-no-discografia-comentada\/\"},\"author\":{\"name\":\"sanguefrioproducoes\",\"@id\":\"https:\/\/sanguefrioproducoes.com\/wordpress\/#\/schema\/person\/b871057d03a45add355db403c4dbffba\"},\"headline\":\"VULCANO: \u201cTales From The Black Book\u201d \u00e9 destaque no \u2018Discografia Comentada\u2019\",\"datePublished\":\"2020-07-16T18:09:20+00:00\",\"dateModified\":\"2020-07-16T18:09:20+00:00\",\"mainEntityOfPage\":{\"@id\":\"https:\/\/sanguefrioproducoes.com\/wordpress\/2020\/07\/16\/vulcano-tales-from-the-black-book-e-destaque-no-discografia-comentada\/\"},\"wordCount\":283,\"publisher\":{\"@id\":\"https:\/\/sanguefrioproducoes.com\/wordpress\/#organization\"},\"image\":{\"@id\":\"https:\/\/sanguefrioproducoes.com\/wordpress\/2020\/07\/16\/vulcano-tales-from-the-black-book-e-destaque-no-discografia-comentada\/#primaryimage\"},\"thumbnailUrl\":\"https:\/\/sanguefrioproducoes.com\/wordpress\/wp-content\/uploads\/2020\/07\/108936415_1354636141402779_7633725265200538114_n.jpg\",\"keywords\":[\"Discografia Comentada\",\"Vulcano\"],\"articleSection\":[\"Clipping\",\"News\"],\"inLanguage\":\"pt-BR\"},{\"@type\":\"WebPage\",\"@id\":\"https:\/\/sanguefrioproducoes.com\/wordpress\/2020\/07\/16\/vulcano-tales-from-the-black-book-e-destaque-no-discografia-comentada\/\",\"url\":\"https:\/\/sanguefrioproducoes.com\/wordpress\/2020\/07\/16\/vulcano-tales-from-the-black-book-e-destaque-no-discografia-comentada\/\",\"name\":\"VULCANO: \u201cTales From The Black Book\u201d \u00e9 destaque no \u2018Discografia Comentada\u2019 - Sangue Frio Produ\u00e7\u00f5es\",\"isPartOf\":{\"@id\":\"https:\/\/sanguefrioproducoes.com\/wordpress\/#website\"},\"primaryImageOfPage\":{\"@id\":\"https:\/\/sanguefrioproducoes.com\/wordpress\/2020\/07\/16\/vulcano-tales-from-the-black-book-e-destaque-no-discografia-comentada\/#primaryimage\"},\"image\":{\"@id\":\"https:\/\/sanguefrioproducoes.com\/wordpress\/2020\/07\/16\/vulcano-tales-from-the-black-book-e-destaque-no-discografia-comentada\/#primaryimage\"},\"thumbnailUrl\":\"https:\/\/sanguefrioproducoes.com\/wordpress\/wp-content\/uploads\/2020\/07\/108936415_1354636141402779_7633725265200538114_n.jpg\",\"datePublished\":\"2020-07-16T18:09:20+00:00\",\"dateModified\":\"2020-07-16T18:09:20+00:00\",\"breadcrumb\":{\"@id\":\"https:\/\/sanguefrioproducoes.com\/wordpress\/2020\/07\/16\/vulcano-tales-from-the-black-book-e-destaque-no-discografia-comentada\/#breadcrumb\"},\"inLanguage\":\"pt-BR\",\"potentialAction\":[{\"@type\":\"ReadAction\",\"target\":[\"https:\/\/sanguefrioproducoes.com\/wordpress\/2020\/07\/16\/vulcano-tales-from-the-black-book-e-destaque-no-discografia-comentada\/\"]}]},{\"@type\":\"ImageObject\",\"inLanguage\":\"pt-BR\",\"@id\":\"https:\/\/sanguefrioproducoes.com\/wordpress\/2020\/07\/16\/vulcano-tales-from-the-black-book-e-destaque-no-discografia-comentada\/#primaryimage\",\"url\":\"https:\/\/sanguefrioproducoes.com\/wordpress\/wp-content\/uploads\/2020\/07\/108936415_1354636141402779_7633725265200538114_n.jpg\",\"contentUrl\":\"https:\/\/sanguefrioproducoes.com\/wordpress\/wp-content\/uploads\/2020\/07\/108936415_1354636141402779_7633725265200538114_n.jpg\",\"width\":703,\"height\":384},{\"@type\":\"BreadcrumbList\",\"@id\":\"https:\/\/sanguefrioproducoes.com\/wordpress\/2020\/07\/16\/vulcano-tales-from-the-black-book-e-destaque-no-discografia-comentada\/#breadcrumb\",\"itemListElement\":[{\"@type\":\"ListItem\",\"position\":1,\"name\":\"Home\",\"item\":\"https:\/\/sanguefrioproducoes.com\/wordpress\/\"},{\"@type\":\"ListItem\",\"position\":2,\"name\":\"VULCANO: \u201cTales From The Black Book\u201d \u00e9 destaque no \u2018Discografia Comentada\u2019\"}]},{\"@type\":\"WebSite\",\"@id\":\"https:\/\/sanguefrioproducoes.com\/wordpress\/#website\",\"url\":\"https:\/\/sanguefrioproducoes.com\/wordpress\/\",\"name\":\"Sangue Frio Produ\u00e7\u00f5es\",\"description\":\"Empresa de marketing, assessoria de imprensa e rela\u00e7\u00f5es p\u00fablicas\",\"publisher\":{\"@id\":\"https:\/\/sanguefrioproducoes.com\/wordpress\/#organization\"},\"potentialAction\":[{\"@type\":\"SearchAction\",\"target\":{\"@type\":\"EntryPoint\",\"urlTemplate\":\"https:\/\/sanguefrioproducoes.com\/wordpress\/?s={search_term_string}\"},\"query-input\":{\"@type\":\"PropertyValueSpecification\",\"valueRequired\":true,\"valueName\":\"search_term_string\"}}],\"inLanguage\":\"pt-BR\"},{\"@type\":\"Organization\",\"@id\":\"https:\/\/sanguefrioproducoes.com\/wordpress\/#organization\",\"name\":\"Sangue Frio Produ\u00e7\u00f5es\",\"url\":\"https:\/\/sanguefrioproducoes.com\/wordpress\/\",\"logo\":{\"@type\":\"ImageObject\",\"inLanguage\":\"pt-BR\",\"@id\":\"https:\/\/sanguefrioproducoes.com\/wordpress\/#\/schema\/logo\/image\/\",\"url\":\"https:\/\/sanguefrioproducoes.com\/wordpress\/wp-content\/uploads\/2019\/12\/SANGUE_FRIO_PRODUCOES_Logo_Preto_Sem_Fundo.png\",\"contentUrl\":\"https:\/\/sanguefrioproducoes.com\/wordpress\/wp-content\/uploads\/2019\/12\/SANGUE_FRIO_PRODUCOES_Logo_Preto_Sem_Fundo.png\",\"width\":2096,\"height\":552,\"caption\":\"Sangue Frio Produ\u00e7\u00f5es\"},\"image\":{\"@id\":\"https:\/\/sanguefrioproducoes.com\/wordpress\/#\/schema\/logo\/image\/\"}},{\"@type\":\"Person\",\"@id\":\"https:\/\/sanguefrioproducoes.com\/wordpress\/#\/schema\/person\/b871057d03a45add355db403c4dbffba\",\"name\":\"sanguefrioproducoes\",\"image\":{\"@type\":\"ImageObject\",\"inLanguage\":\"pt-BR\",\"@id\":\"https:\/\/sanguefrioproducoes.com\/wordpress\/#\/schema\/person\/image\/\",\"url\":\"https:\/\/secure.gravatar.com\/avatar\/4d2c039d50166ee03f696824a140af4a?s=96&d=mm&r=g\",\"contentUrl\":\"https:\/\/secure.gravatar.com\/avatar\/4d2c039d50166ee03f696824a140af4a?s=96&d=mm&r=g\",\"caption\":\"sanguefrioproducoes\"},\"url\":\"https:\/\/sanguefrioproducoes.com\/wordpress\/author\/sanguefrioproducoes\/\"}]}<\/script>\n<!-- \/ Yoast SEO plugin. -->","yoast_head_json":{"title":"VULCANO: \u201cTales From The Black Book\u201d \u00e9 destaque no \u2018Discografia Comentada\u2019 - Sangue Frio Produ\u00e7\u00f5es","robots":{"index":"index","follow":"follow","max-snippet":"max-snippet:-1","max-image-preview":"max-image-preview:large","max-video-preview":"max-video-preview:-1"},"canonical":"https:\/\/sanguefrioproducoes.com\/wordpress\/2020\/07\/16\/vulcano-tales-from-the-black-book-e-destaque-no-discografia-comentada\/","og_locale":"pt_BR","og_type":"article","og_title":"VULCANO: \u201cTales From The Black Book\u201d \u00e9 destaque no \u2018Discografia Comentada\u2019 - Sangue Frio Produ\u00e7\u00f5es","og_description":"Um cl\u00e1ssico dos anos 2000, LITERALMENTE! \u201cTales From The Black Book\u201d, do VULCANO, \u00e9 o destaque do novo epis\u00f3dio do \u2018Discografia Comentada\u2019, feito pelo canal United By Metal. E Zhema Rodero fala sobre este retorno, que por in\u00fameras insist\u00eancias de Soto J\u00fanior \u2013 falecido no final de 2001 \u2013 resolveu voltar a compor. Em 2002, [&hellip;]","og_url":"https:\/\/sanguefrioproducoes.com\/wordpress\/2020\/07\/16\/vulcano-tales-from-the-black-book-e-destaque-no-discografia-comentada\/","og_site_name":"Sangue Frio Produ\u00e7\u00f5es","article_published_time":"2020-07-16T18:09:20+00:00","og_image":[{"width":703,"height":384,"url":"https:\/\/sanguefrioproducoes.com\/wordpress\/wp-content\/uploads\/2020\/07\/108936415_1354636141402779_7633725265200538114_n.jpg","type":"image\/jpeg"}],"author":"sanguefrioproducoes","twitter_card":"summary_large_image","twitter_misc":{"Escrito por":"sanguefrioproducoes","Est. tempo de leitura":"1 minuto"},"schema":{"@context":"https:\/\/schema.org","@graph":[{"@type":"Article","@id":"https:\/\/sanguefrioproducoes.com\/wordpress\/2020\/07\/16\/vulcano-tales-from-the-black-book-e-destaque-no-discografia-comentada\/#article","isPartOf":{"@id":"https:\/\/sanguefrioproducoes.com\/wordpress\/2020\/07\/16\/vulcano-tales-from-the-black-book-e-destaque-no-discografia-comentada\/"},"author":{"name":"sanguefrioproducoes","@id":"https:\/\/sanguefrioproducoes.com\/wordpress\/#\/schema\/person\/b871057d03a45add355db403c4dbffba"},"headline":"VULCANO: \u201cTales From The Black Book\u201d \u00e9 destaque no \u2018Discografia Comentada\u2019","datePublished":"2020-07-16T18:09:20+00:00","dateModified":"2020-07-16T18:09:20+00:00","mainEntityOfPage":{"@id":"https:\/\/sanguefrioproducoes.com\/wordpress\/2020\/07\/16\/vulcano-tales-from-the-black-book-e-destaque-no-discografia-comentada\/"},"wordCount":283,"publisher":{"@id":"https:\/\/sanguefrioproducoes.com\/wordpress\/#organization"},"image":{"@id":"https:\/\/sanguefrioproducoes.com\/wordpress\/2020\/07\/16\/vulcano-tales-from-the-black-book-e-destaque-no-discografia-comentada\/#primaryimage"},"thumbnailUrl":"https:\/\/sanguefrioproducoes.com\/wordpress\/wp-content\/uploads\/2020\/07\/108936415_1354636141402779_7633725265200538114_n.jpg","keywords":["Discografia Comentada","Vulcano"],"articleSection":["Clipping","News"],"inLanguage":"pt-BR"},{"@type":"WebPage","@id":"https:\/\/sanguefrioproducoes.com\/wordpress\/2020\/07\/16\/vulcano-tales-from-the-black-book-e-destaque-no-discografia-comentada\/","url":"https:\/\/sanguefrioproducoes.com\/wordpress\/2020\/07\/16\/vulcano-tales-from-the-black-book-e-destaque-no-discografia-comentada\/","name":"VULCANO: \u201cTales From The Black Book\u201d \u00e9 destaque no \u2018Discografia Comentada\u2019 - Sangue Frio Produ\u00e7\u00f5es","isPartOf":{"@id":"https:\/\/sanguefrioproducoes.com\/wordpress\/#website"},"primaryImageOfPage":{"@id":"https:\/\/sanguefrioproducoes.com\/wordpress\/2020\/07\/16\/vulcano-tales-from-the-black-book-e-destaque-no-discografia-comentada\/#primaryimage"},"image":{"@id":"https:\/\/sanguefrioproducoes.com\/wordpress\/2020\/07\/16\/vulcano-tales-from-the-black-book-e-destaque-no-discografia-comentada\/#primaryimage"},"thumbnailUrl":"https:\/\/sanguefrioproducoes.com\/wordpress\/wp-content\/uploads\/2020\/07\/108936415_1354636141402779_7633725265200538114_n.jpg","datePublished":"2020-07-16T18:09:20+00:00","dateModified":"2020-07-16T18:09:20+00:00","breadcrumb":{"@id":"https:\/\/sanguefrioproducoes.com\/wordpress\/2020\/07\/16\/vulcano-tales-from-the-black-book-e-destaque-no-discografia-comentada\/#breadcrumb"},"inLanguage":"pt-BR","potentialAction":[{"@type":"ReadAction","target":["https:\/\/sanguefrioproducoes.com\/wordpress\/2020\/07\/16\/vulcano-tales-from-the-black-book-e-destaque-no-discografia-comentada\/"]}]},{"@type":"ImageObject","inLanguage":"pt-BR","@id":"https:\/\/sanguefrioproducoes.com\/wordpress\/2020\/07\/16\/vulcano-tales-from-the-black-book-e-destaque-no-discografia-comentada\/#primaryimage","url":"https:\/\/sanguefrioproducoes.com\/wordpress\/wp-content\/uploads\/2020\/07\/108936415_1354636141402779_7633725265200538114_n.jpg","contentUrl":"https:\/\/sanguefrioproducoes.com\/wordpress\/wp-content\/uploads\/2020\/07\/108936415_1354636141402779_7633725265200538114_n.jpg","width":703,"height":384},{"@type":"BreadcrumbList","@id":"https:\/\/sanguefrioproducoes.com\/wordpress\/2020\/07\/16\/vulcano-tales-from-the-black-book-e-destaque-no-discografia-comentada\/#breadcrumb","itemListElement":[{"@type":"ListItem","position":1,"name":"Home","item":"https:\/\/sanguefrioproducoes.com\/wordpress\/"},{"@type":"ListItem","position":2,"name":"VULCANO: \u201cTales From The Black Book\u201d \u00e9 destaque no \u2018Discografia Comentada\u2019"}]},{"@type":"WebSite","@id":"https:\/\/sanguefrioproducoes.com\/wordpress\/#website","url":"https:\/\/sanguefrioproducoes.com\/wordpress\/","name":"Sangue Frio Produ\u00e7\u00f5es","description":"Empresa de marketing, assessoria de imprensa e rela\u00e7\u00f5es p\u00fablicas","publisher":{"@id":"https:\/\/sanguefrioproducoes.com\/wordpress\/#organization"},"potentialAction":[{"@type":"SearchAction","target":{"@type":"EntryPoint","urlTemplate":"https:\/\/sanguefrioproducoes.com\/wordpress\/?s={search_term_string}"},"query-input":{"@type":"PropertyValueSpecification","valueRequired":true,"valueName":"search_term_string"}}],"inLanguage":"pt-BR"},{"@type":"Organization","@id":"https:\/\/sanguefrioproducoes.com\/wordpress\/#organization","name":"Sangue Frio Produ\u00e7\u00f5es","url":"https:\/\/sanguefrioproducoes.com\/wordpress\/","logo":{"@type":"ImageObject","inLanguage":"pt-BR","@id":"https:\/\/sanguefrioproducoes.com\/wordpress\/#\/schema\/logo\/image\/","url":"https:\/\/sanguefrioproducoes.com\/wordpress\/wp-content\/uploads\/2019\/12\/SANGUE_FRIO_PRODUCOES_Logo_Preto_Sem_Fundo.png","contentUrl":"https:\/\/sanguefrioproducoes.com\/wordpress\/wp-content\/uploads\/2019\/12\/SANGUE_FRIO_PRODUCOES_Logo_Preto_Sem_Fundo.png","width":2096,"height":552,"caption":"Sangue Frio Produ\u00e7\u00f5es"},"image":{"@id":"https:\/\/sanguefrioproducoes.com\/wordpress\/#\/schema\/logo\/image\/"}},{"@type":"Person","@id":"https:\/\/sanguefrioproducoes.com\/wordpress\/#\/schema\/person\/b871057d03a45add355db403c4dbffba","name":"sanguefrioproducoes","image":{"@type":"ImageObject","inLanguage":"pt-BR","@id":"https:\/\/sanguefrioproducoes.com\/wordpress\/#\/schema\/person\/image\/","url":"https:\/\/secure.gravatar.com\/avatar\/4d2c039d50166ee03f696824a140af4a?s=96&d=mm&r=g","contentUrl":"https:\/\/secure.gravatar.com\/avatar\/4d2c039d50166ee03f696824a140af4a?s=96&d=mm&r=g","caption":"sanguefrioproducoes"},"url":"https:\/\/sanguefrioproducoes.com\/wordpress\/author\/sanguefrioproducoes\/"}]}},"jetpack_featured_media_url":"https:\/\/sanguefrioproducoes.com\/wordpress\/wp-content\/uploads\/2020\/07\/108936415_1354636141402779_7633725265200538114_n.jpg","jetpack_sharing_enabled":true,"jetpack_likes_enabled":true,"_links":{"self":[{"href":"https:\/\/sanguefrioproducoes.com\/wordpress\/wp-json\/wp\/v2\/posts\/795"}],"collection":[{"href":"https:\/\/sanguefrioproducoes.com\/wordpress\/wp-json\/wp\/v2\/posts"}],"about":[{"href":"https:\/\/sanguefrioproducoes.com\/wordpress\/wp-json\/wp\/v2\/types\/post"}],"author":[{"embeddable":true,"href":"https:\/\/sanguefrioproducoes.com\/wordpress\/wp-json\/wp\/v2\/users\/1"}],"replies":[{"embeddable":true,"href":"https:\/\/sanguefrioproducoes.com\/wordpress\/wp-json\/wp\/v2\/comments?post=795"}],"version-history":[{"count":-4,"href":"https:\/\/sanguefrioproducoes.com\/wordpress\/wp-json\/wp\/v2\/posts\/795\/revisions"}],"wp:featuredmedia":[{"embeddable":true,"href":"https:\/\/sanguefrioproducoes.com\/wordpress\/wp-json\/wp\/v2\/media\/796"}],"wp:attachment":[{"href":"https:\/\/sanguefrioproducoes.com\/wordpress\/wp-json\/wp\/v2\/media?parent=795"}],"wp:term":[{"taxonomy":"category","embeddable":true,"href":"https:\/\/sanguefrioproducoes.com\/wordpress\/wp-json\/wp\/v2\/categories?post=795"},{"taxonomy":"post_tag","embeddable":true,"href":"https:\/\/sanguefrioproducoes.com\/wordpress\/wp-json\/wp\/v2\/tags?post=795"}],"curies":[{"name":"wp","href":"https:\/\/api.w.org\/{rel}","templated":true}]}}