{"id":14699,"date":"2026-04-29T18:54:45","date_gmt":"2026-04-29T21:54:45","guid":{"rendered":"https:\/\/sanguefrioproducoes.com\/wordpress\/?p=14699"},"modified":"2026-04-29T18:54:45","modified_gmt":"2026-04-29T21:54:45","slug":"vulcano-lenda-do-metal-extremo-sul-americano-capitaneia-o-lokapalooza-edicao-carnarock-em-brasilia","status":"publish","type":"post","link":"https:\/\/sanguefrioproducoes.com\/wordpress\/2026\/04\/29\/vulcano-lenda-do-metal-extremo-sul-americano-capitaneia-o-lokapalooza-edicao-carnarock-em-brasilia\/","title":{"rendered":"VULCANO: Lenda do Metal Extremo sul-americano capitaneia o \u2018Lokapalooza &#8211; Edi\u00e7\u00e3o Carnarock\u2019 em Bras\u00edlia"},"content":{"rendered":"<p style=\"text-align: justify;\">O <strong>VULCANO<\/strong>, pioneiro do metal extremo sul-americano, desembarca no <strong>Teatro de Arena do Guar\u00e1<\/strong> no dia <strong>09 de maio de 2026<\/strong> para o \u2018Lokapalooza &#8211; Edi\u00e7\u00e3o Carnarock\u2019. O evento, que celebra o legado do g\u00eanero, marca a promo\u00e7\u00e3o do elogiado \u00e1lbum <strong>\u201cEpilogue\u201d<\/strong> em solo brasiliense.<\/p>\n<p style=\"text-align: justify;\"><strong>Massacre sonoro e celebra\u00e7\u00e3o hist\u00f3rica<\/strong><\/p>\n<p style=\"text-align: justify;\">A noite ser\u00e1 um verdadeiro encontro de gera\u00e7\u00f5es, contando com a performance de <strong>Gerald \u201cIncubus\u201d Minelli<\/strong> \u00e0 frente do <strong>The Laws<\/strong>, executando cl\u00e1ssicos do lend\u00e1rio <strong>Sarcof\u00e1go<\/strong>. O line-up brutal se completa com o Black Metal obscuro do <strong>Vazio<\/strong>, o hardcore hist\u00f3rico do <strong>D.F.C.<\/strong>, al\u00e9m de <strong>Death Slam<\/strong>, <strong>Mofo<\/strong>, <strong>Axion<\/strong>, <strong>Trash Town Terror<\/strong> e <strong>Faces Do Caos<\/strong>.<\/p>\n<p style=\"text-align: justify;\"><strong>Servi\u00e7o e Solidariedade<\/strong><\/p>\n<p style=\"text-align: justify;\">O festival mant\u00e9m o esp\u00edrito de uni\u00e3o da cena com a <strong>Entrada Solid\u00e1ria<\/strong>, mediante a doa\u00e7\u00e3o de 1kg de alimento n\u00e3o perec\u00edvel. \u00c9 imprescind\u00edvel a retirada antecipada dos ingressos via plataforma <strong>Sympla<\/strong> para garantir o acesso ao local, que promete lota\u00e7\u00e3o m\u00e1xima para este ritual hist\u00f3rico. Confira abaixo o cartaz e as informa\u00e7\u00f5es completas de servi\u00e7o para garantir sua presen\u00e7a neste massacre sonoro:<\/p>\n<p style=\"text-align: center;\"><img decoding=\"async\" class=\"aligncenter\" src=\"..\/..\/upload\/imagens\/mediaset\/VULCANO_Lokapalooza_Show.jpeg\" alt=\"\" width=\"550\" height=\"675\" \/><\/p>\n<ul>\n<li style=\"text-align: justify;\"><strong>SERVI\u00c7O:<\/strong><\/li>\n<li style=\"text-align: justify;\"><strong>Show:\u00a0<\/strong>VULCANO no \u2018Lokapalooza &#8211; Edi\u00e7\u00e3o Carnarock\u2019<\/li>\n<li style=\"text-align: justify;\"><strong>Local:\u00a0<\/strong>Teatro de Arena do Cave<\/li>\n<li style=\"text-align: justify;\"><strong>Endere\u00e7o:\u00a0<\/strong>Guar\u00e1 II QE 17 AE, Guar\u00e1 \u2013 Bras\u00edlia\/DF<\/li>\n<li style=\"text-align: justify;\"><strong>Data:\u00a0<\/strong>09\/05\/2026 (s\u00e1bado)<\/li>\n<li style=\"text-align: justify;\"><strong>Hor\u00e1rio:\u00a0<\/strong>16 horas<\/li>\n<li style=\"text-align: justify;\"><strong>Retire seu ingresso e confira os detalhes aqui:<\/strong> <strong><a href=\"https:\/\/www.sympla.com.br\/evento\/lokapalooza-ed-carnarock-guara\/3388818\" target=\"_blank\" rel=\"noopener\">https:\/\/www.sympla.com.br\/evento\/lokapalooza-ed-carnarock-guara\/3388818<\/a><\/strong><\/li>\n<li style=\"text-align: justify;\"><strong>Organiza\u00e7\u00e3o: <\/strong><a href=\"https:\/\/www.instagram.com\/lokapalooza\/\" target=\"_blank\" rel=\"noopener\"><strong>@lokapalooza<\/strong><\/a><\/li>\n<\/ul>\n<hr \/>\n<p style=\"text-align: justify;\"><strong>\u201cEpilogue\u201d: Novo \u00e1lbum segue dispon\u00edvel<\/strong><\/p>\n<p style=\"text-align: justify;\">Mantendo viva sua ess\u00eancia brutal e intransigente, o\u00a0<strong>VULCANO<\/strong>\u00a0lan\u00e7ou em 2024 o \u00e1lbum \u201cEpilogue\u201d, j\u00e1 dispon\u00edvel em todas as principais plataformas de streaming. O trabalho reafirma o legado da banda, que segue ativa e relevante ap\u00f3s d\u00e9cadas de contribui\u00e7\u00e3o fundamental para a hist\u00f3ria do Metal Extremo. Ou\u00e7a agora e sinta a for\u00e7a de uma lenda: <a href=\"https:\/\/li.sten.to\/VULCANO_Epilogue\" target=\"_blank\" rel=\"noopener\"><strong>https:\/\/li.sten.to\/VULCANO_Epilogue<\/strong><\/a><\/p>\n<p style=\"text-align: center;\"><iframe src=\"https:\/\/li.sten.to\/embed\/VULCANO_Epilogue\" width=\"372\" height=\"550\" frameborder=\"0\"><\/iframe><br \/>\n<a style=\"text-decoration: none; color: #888; font-family: sans-serif; font-size: 0.7em;\" href=\"https:\/\/li.sten.to\">Created with ListenTo &#8211; Free Smart URLs &amp; Pre-Save Links<\/a><\/p>\n<hr \/>\n<p style=\"text-align: justify;\">Receba essa e outras not\u00edcias em primeira m\u00e3o participando do canal oficial da SFP \u2013 Press &amp; PR no WhatsApp AQUI: <a href=\"https:\/\/bit.ly\/SFPWhatsAppChannel\">https:\/\/bit.ly\/SFPWhatsAppChannel<\/a><\/p>\n<p style=\"text-align: justify;\">Imprensa interessada em receber o material completo da banda para resenhas e\/ou entrevistas escreva para <a href=\"mailto:contato@sanguefrioproducoes.com\">contato@sanguefrioproducoes.com<\/a> ou diretamente pelo <a href=\"https:\/\/api.whatsapp.com\/send?1=pt_BR&amp;phone=5546988387204\">WhatsApp\/Telegram pelo n\u00famero (46) 98838-7204<\/a> e solicite o press kit.<\/p>\n<p style=\"text-align: justify;\"><strong>ASSESSORIA DE IMPRENSA: <\/strong><a href=\"https:\/\/www.sanguefrioproducoes.com\/bandas\/Vulcano\/20\"><strong>SANGUE FRIO PRODU\u00c7\u00d5ES<\/strong><\/a><strong><br \/>\n<\/strong>Contato: <a href=\"http:\/\/www.sanguefrioproducoes.com\/contato\">www.sanguefrioproducoes.com\/contato<\/a><br \/>\nSites relacionados:<br \/>\n<a href=\"https:\/\/www.facebook.com\/VULCANOMETAL%20https:\/twitter.com\/vulcano_band%20https:\/www.instagram.com\/vulcanometal_official\/\">https:\/\/www.facebook.com\/VULCANOMETAL <\/a><br \/>\n<a href=\"https:\/\/twitter.com\/vulcano_band\">https:\/\/twitter.com\/vulcano_band <\/a><br \/>\n<a href=\"https:\/\/www.instagram.com\/vulcanometal_official\/\">https:\/\/www.instagram.com\/vulcanometal_official\/<\/a><br \/>\n<a href=\"https:\/\/www.vulcanometal.com.br\/\">https:\/\/www.vulcanometal.com.br\/<\/a><br \/>\n<a href=\"https:\/\/li.sten.to\/Vulcano\">https:\/\/li.sten.to\/Vulcano<\/a><\/p>\n","protected":false},"excerpt":{"rendered":"<p>O VULCANO, pioneiro do metal extremo sul-americano, desembarca no Teatro de Arena do Guar\u00e1 no dia 09 de maio de 2026 para o \u2018Lokapalooza &#8211; Edi\u00e7\u00e3o Carnarock\u2019. O evento, que celebra o legado do g\u00eanero, marca a promo\u00e7\u00e3o do elogiado \u00e1lbum \u201cEpilogue\u201d em solo brasiliense. Massacre sonoro e celebra\u00e7\u00e3o hist\u00f3rica A noite ser\u00e1 um verdadeiro [&hellip;]<\/p>\n","protected":false},"author":1,"featured_media":14700,"comment_status":"closed","ping_status":"open","sticky":false,"template":"","format":"standard","meta":{"_jetpack_memberships_contains_paid_content":false,"footnotes":""},"categories":[33],"tags":[],"class_list":["post-14699","post","type-post","status-publish","format-standard","has-post-thumbnail","hentry","category-shows"],"yoast_head":"<!-- This site is optimized with the Yoast SEO plugin v23.7 - https:\/\/yoast.com\/wordpress\/plugins\/seo\/ -->\n<title>VULCANO: Lenda do Metal Extremo sul-americano capitaneia o \u2018Lokapalooza - Edi\u00e7\u00e3o Carnarock\u2019 em Bras\u00edlia - Sangue Frio Produ\u00e7\u00f5es<\/title>\n<meta name=\"robots\" content=\"index, follow, max-snippet:-1, max-image-preview:large, max-video-preview:-1\" \/>\n<link rel=\"canonical\" href=\"https:\/\/sanguefrioproducoes.com\/wordpress\/2026\/04\/29\/vulcano-lenda-do-metal-extremo-sul-americano-capitaneia-o-lokapalooza-edicao-carnarock-em-brasilia\/\" \/>\n<meta property=\"og:locale\" content=\"pt_BR\" \/>\n<meta property=\"og:type\" content=\"article\" \/>\n<meta property=\"og:title\" content=\"VULCANO: Lenda do Metal Extremo sul-americano capitaneia o \u2018Lokapalooza - Edi\u00e7\u00e3o Carnarock\u2019 em Bras\u00edlia - Sangue Frio Produ\u00e7\u00f5es\" \/>\n<meta property=\"og:description\" content=\"O VULCANO, pioneiro do metal extremo sul-americano, desembarca no Teatro de Arena do Guar\u00e1 no dia 09 de maio de 2026 para o \u2018Lokapalooza &#8211; Edi\u00e7\u00e3o Carnarock\u2019. O evento, que celebra o legado do g\u00eanero, marca a promo\u00e7\u00e3o do elogiado \u00e1lbum \u201cEpilogue\u201d em solo brasiliense. Massacre sonoro e celebra\u00e7\u00e3o hist\u00f3rica A noite ser\u00e1 um verdadeiro [&hellip;]\" \/>\n<meta property=\"og:url\" content=\"https:\/\/sanguefrioproducoes.com\/wordpress\/2026\/04\/29\/vulcano-lenda-do-metal-extremo-sul-americano-capitaneia-o-lokapalooza-edicao-carnarock-em-brasilia\/\" \/>\n<meta property=\"og:site_name\" content=\"Sangue Frio Produ\u00e7\u00f5es\" \/>\n<meta property=\"article:published_time\" content=\"2026-04-29T21:54:45+00:00\" \/>\n<meta property=\"og:image\" content=\"http:\/\/sanguefrioproducoes.com\/wordpress\/wp-content\/uploads\/2026\/04\/VULCANO_Lokapalooza_Show.jpeg\" \/>\n\t<meta property=\"og:image:width\" content=\"1079\" \/>\n\t<meta property=\"og:image:height\" content=\"1325\" \/>\n\t<meta property=\"og:image:type\" content=\"image\/jpeg\" \/>\n<meta name=\"author\" content=\"sanguefrioproducoes\" \/>\n<meta name=\"twitter:card\" content=\"summary_large_image\" \/>\n<meta name=\"twitter:label1\" content=\"Escrito por\" \/>\n\t<meta name=\"twitter:data1\" content=\"sanguefrioproducoes\" \/>\n\t<meta name=\"twitter:label2\" content=\"Est. tempo de leitura\" \/>\n\t<meta name=\"twitter:data2\" content=\"3 minutos\" \/>\n<script type=\"application\/ld+json\" class=\"yoast-schema-graph\">{\"@context\":\"https:\/\/schema.org\",\"@graph\":[{\"@type\":\"Article\",\"@id\":\"https:\/\/sanguefrioproducoes.com\/wordpress\/2026\/04\/29\/vulcano-lenda-do-metal-extremo-sul-americano-capitaneia-o-lokapalooza-edicao-carnarock-em-brasilia\/#article\",\"isPartOf\":{\"@id\":\"https:\/\/sanguefrioproducoes.com\/wordpress\/2026\/04\/29\/vulcano-lenda-do-metal-extremo-sul-americano-capitaneia-o-lokapalooza-edicao-carnarock-em-brasilia\/\"},\"author\":{\"name\":\"sanguefrioproducoes\",\"@id\":\"https:\/\/sanguefrioproducoes.com\/wordpress\/#\/schema\/person\/b871057d03a45add355db403c4dbffba\"},\"headline\":\"VULCANO: Lenda do Metal Extremo sul-americano capitaneia o \u2018Lokapalooza &#8211; Edi\u00e7\u00e3o Carnarock\u2019 em Bras\u00edlia\",\"datePublished\":\"2026-04-29T21:54:45+00:00\",\"dateModified\":\"2026-04-29T21:54:45+00:00\",\"mainEntityOfPage\":{\"@id\":\"https:\/\/sanguefrioproducoes.com\/wordpress\/2026\/04\/29\/vulcano-lenda-do-metal-extremo-sul-americano-capitaneia-o-lokapalooza-edicao-carnarock-em-brasilia\/\"},\"wordCount\":447,\"publisher\":{\"@id\":\"https:\/\/sanguefrioproducoes.com\/wordpress\/#organization\"},\"image\":{\"@id\":\"https:\/\/sanguefrioproducoes.com\/wordpress\/2026\/04\/29\/vulcano-lenda-do-metal-extremo-sul-americano-capitaneia-o-lokapalooza-edicao-carnarock-em-brasilia\/#primaryimage\"},\"thumbnailUrl\":\"https:\/\/sanguefrioproducoes.com\/wordpress\/wp-content\/uploads\/2026\/04\/VULCANO_Lokapalooza_Show.jpeg\",\"articleSection\":[\"Shows\"],\"inLanguage\":\"pt-BR\"},{\"@type\":\"WebPage\",\"@id\":\"https:\/\/sanguefrioproducoes.com\/wordpress\/2026\/04\/29\/vulcano-lenda-do-metal-extremo-sul-americano-capitaneia-o-lokapalooza-edicao-carnarock-em-brasilia\/\",\"url\":\"https:\/\/sanguefrioproducoes.com\/wordpress\/2026\/04\/29\/vulcano-lenda-do-metal-extremo-sul-americano-capitaneia-o-lokapalooza-edicao-carnarock-em-brasilia\/\",\"name\":\"VULCANO: Lenda do Metal Extremo sul-americano capitaneia o \u2018Lokapalooza - Edi\u00e7\u00e3o Carnarock\u2019 em Bras\u00edlia - Sangue Frio Produ\u00e7\u00f5es\",\"isPartOf\":{\"@id\":\"https:\/\/sanguefrioproducoes.com\/wordpress\/#website\"},\"primaryImageOfPage\":{\"@id\":\"https:\/\/sanguefrioproducoes.com\/wordpress\/2026\/04\/29\/vulcano-lenda-do-metal-extremo-sul-americano-capitaneia-o-lokapalooza-edicao-carnarock-em-brasilia\/#primaryimage\"},\"image\":{\"@id\":\"https:\/\/sanguefrioproducoes.com\/wordpress\/2026\/04\/29\/vulcano-lenda-do-metal-extremo-sul-americano-capitaneia-o-lokapalooza-edicao-carnarock-em-brasilia\/#primaryimage\"},\"thumbnailUrl\":\"https:\/\/sanguefrioproducoes.com\/wordpress\/wp-content\/uploads\/2026\/04\/VULCANO_Lokapalooza_Show.jpeg\",\"datePublished\":\"2026-04-29T21:54:45+00:00\",\"dateModified\":\"2026-04-29T21:54:45+00:00\",\"breadcrumb\":{\"@id\":\"https:\/\/sanguefrioproducoes.com\/wordpress\/2026\/04\/29\/vulcano-lenda-do-metal-extremo-sul-americano-capitaneia-o-lokapalooza-edicao-carnarock-em-brasilia\/#breadcrumb\"},\"inLanguage\":\"pt-BR\",\"potentialAction\":[{\"@type\":\"ReadAction\",\"target\":[\"https:\/\/sanguefrioproducoes.com\/wordpress\/2026\/04\/29\/vulcano-lenda-do-metal-extremo-sul-americano-capitaneia-o-lokapalooza-edicao-carnarock-em-brasilia\/\"]}]},{\"@type\":\"ImageObject\",\"inLanguage\":\"pt-BR\",\"@id\":\"https:\/\/sanguefrioproducoes.com\/wordpress\/2026\/04\/29\/vulcano-lenda-do-metal-extremo-sul-americano-capitaneia-o-lokapalooza-edicao-carnarock-em-brasilia\/#primaryimage\",\"url\":\"https:\/\/sanguefrioproducoes.com\/wordpress\/wp-content\/uploads\/2026\/04\/VULCANO_Lokapalooza_Show.jpeg\",\"contentUrl\":\"https:\/\/sanguefrioproducoes.com\/wordpress\/wp-content\/uploads\/2026\/04\/VULCANO_Lokapalooza_Show.jpeg\",\"width\":1079,\"height\":1325},{\"@type\":\"BreadcrumbList\",\"@id\":\"https:\/\/sanguefrioproducoes.com\/wordpress\/2026\/04\/29\/vulcano-lenda-do-metal-extremo-sul-americano-capitaneia-o-lokapalooza-edicao-carnarock-em-brasilia\/#breadcrumb\",\"itemListElement\":[{\"@type\":\"ListItem\",\"position\":1,\"name\":\"Home\",\"item\":\"https:\/\/sanguefrioproducoes.com\/wordpress\/\"},{\"@type\":\"ListItem\",\"position\":2,\"name\":\"VULCANO: Lenda do Metal Extremo sul-americano capitaneia o \u2018Lokapalooza &#8211; Edi\u00e7\u00e3o Carnarock\u2019 em Bras\u00edlia\"}]},{\"@type\":\"WebSite\",\"@id\":\"https:\/\/sanguefrioproducoes.com\/wordpress\/#website\",\"url\":\"https:\/\/sanguefrioproducoes.com\/wordpress\/\",\"name\":\"Sangue Frio Produ\u00e7\u00f5es\",\"description\":\"Empresa de marketing, assessoria de imprensa e rela\u00e7\u00f5es p\u00fablicas\",\"publisher\":{\"@id\":\"https:\/\/sanguefrioproducoes.com\/wordpress\/#organization\"},\"potentialAction\":[{\"@type\":\"SearchAction\",\"target\":{\"@type\":\"EntryPoint\",\"urlTemplate\":\"https:\/\/sanguefrioproducoes.com\/wordpress\/?s={search_term_string}\"},\"query-input\":{\"@type\":\"PropertyValueSpecification\",\"valueRequired\":true,\"valueName\":\"search_term_string\"}}],\"inLanguage\":\"pt-BR\"},{\"@type\":\"Organization\",\"@id\":\"https:\/\/sanguefrioproducoes.com\/wordpress\/#organization\",\"name\":\"Sangue Frio Produ\u00e7\u00f5es\",\"url\":\"https:\/\/sanguefrioproducoes.com\/wordpress\/\",\"logo\":{\"@type\":\"ImageObject\",\"inLanguage\":\"pt-BR\",\"@id\":\"https:\/\/sanguefrioproducoes.com\/wordpress\/#\/schema\/logo\/image\/\",\"url\":\"https:\/\/sanguefrioproducoes.com\/wordpress\/wp-content\/uploads\/2019\/12\/SANGUE_FRIO_PRODUCOES_Logo_Preto_Sem_Fundo.png\",\"contentUrl\":\"https:\/\/sanguefrioproducoes.com\/wordpress\/wp-content\/uploads\/2019\/12\/SANGUE_FRIO_PRODUCOES_Logo_Preto_Sem_Fundo.png\",\"width\":2096,\"height\":552,\"caption\":\"Sangue Frio Produ\u00e7\u00f5es\"},\"image\":{\"@id\":\"https:\/\/sanguefrioproducoes.com\/wordpress\/#\/schema\/logo\/image\/\"}},{\"@type\":\"Person\",\"@id\":\"https:\/\/sanguefrioproducoes.com\/wordpress\/#\/schema\/person\/b871057d03a45add355db403c4dbffba\",\"name\":\"sanguefrioproducoes\",\"image\":{\"@type\":\"ImageObject\",\"inLanguage\":\"pt-BR\",\"@id\":\"https:\/\/sanguefrioproducoes.com\/wordpress\/#\/schema\/person\/image\/\",\"url\":\"https:\/\/secure.gravatar.com\/avatar\/4d2c039d50166ee03f696824a140af4a?s=96&d=mm&r=g\",\"contentUrl\":\"https:\/\/secure.gravatar.com\/avatar\/4d2c039d50166ee03f696824a140af4a?s=96&d=mm&r=g\",\"caption\":\"sanguefrioproducoes\"},\"url\":\"https:\/\/sanguefrioproducoes.com\/wordpress\/author\/sanguefrioproducoes\/\"}]}<\/script>\n<!-- \/ Yoast SEO plugin. -->","yoast_head_json":{"title":"VULCANO: Lenda do Metal Extremo sul-americano capitaneia o \u2018Lokapalooza - Edi\u00e7\u00e3o Carnarock\u2019 em Bras\u00edlia - Sangue Frio Produ\u00e7\u00f5es","robots":{"index":"index","follow":"follow","max-snippet":"max-snippet:-1","max-image-preview":"max-image-preview:large","max-video-preview":"max-video-preview:-1"},"canonical":"https:\/\/sanguefrioproducoes.com\/wordpress\/2026\/04\/29\/vulcano-lenda-do-metal-extremo-sul-americano-capitaneia-o-lokapalooza-edicao-carnarock-em-brasilia\/","og_locale":"pt_BR","og_type":"article","og_title":"VULCANO: Lenda do Metal Extremo sul-americano capitaneia o \u2018Lokapalooza - Edi\u00e7\u00e3o Carnarock\u2019 em Bras\u00edlia - Sangue Frio Produ\u00e7\u00f5es","og_description":"O VULCANO, pioneiro do metal extremo sul-americano, desembarca no Teatro de Arena do Guar\u00e1 no dia 09 de maio de 2026 para o \u2018Lokapalooza &#8211; Edi\u00e7\u00e3o Carnarock\u2019. O evento, que celebra o legado do g\u00eanero, marca a promo\u00e7\u00e3o do elogiado \u00e1lbum \u201cEpilogue\u201d em solo brasiliense. Massacre sonoro e celebra\u00e7\u00e3o hist\u00f3rica A noite ser\u00e1 um verdadeiro [&hellip;]","og_url":"https:\/\/sanguefrioproducoes.com\/wordpress\/2026\/04\/29\/vulcano-lenda-do-metal-extremo-sul-americano-capitaneia-o-lokapalooza-edicao-carnarock-em-brasilia\/","og_site_name":"Sangue Frio Produ\u00e7\u00f5es","article_published_time":"2026-04-29T21:54:45+00:00","og_image":[{"width":1079,"height":1325,"url":"http:\/\/sanguefrioproducoes.com\/wordpress\/wp-content\/uploads\/2026\/04\/VULCANO_Lokapalooza_Show.jpeg","type":"image\/jpeg"}],"author":"sanguefrioproducoes","twitter_card":"summary_large_image","twitter_misc":{"Escrito por":"sanguefrioproducoes","Est. tempo de leitura":"3 minutos"},"schema":{"@context":"https:\/\/schema.org","@graph":[{"@type":"Article","@id":"https:\/\/sanguefrioproducoes.com\/wordpress\/2026\/04\/29\/vulcano-lenda-do-metal-extremo-sul-americano-capitaneia-o-lokapalooza-edicao-carnarock-em-brasilia\/#article","isPartOf":{"@id":"https:\/\/sanguefrioproducoes.com\/wordpress\/2026\/04\/29\/vulcano-lenda-do-metal-extremo-sul-americano-capitaneia-o-lokapalooza-edicao-carnarock-em-brasilia\/"},"author":{"name":"sanguefrioproducoes","@id":"https:\/\/sanguefrioproducoes.com\/wordpress\/#\/schema\/person\/b871057d03a45add355db403c4dbffba"},"headline":"VULCANO: Lenda do Metal Extremo sul-americano capitaneia o \u2018Lokapalooza &#8211; Edi\u00e7\u00e3o Carnarock\u2019 em Bras\u00edlia","datePublished":"2026-04-29T21:54:45+00:00","dateModified":"2026-04-29T21:54:45+00:00","mainEntityOfPage":{"@id":"https:\/\/sanguefrioproducoes.com\/wordpress\/2026\/04\/29\/vulcano-lenda-do-metal-extremo-sul-americano-capitaneia-o-lokapalooza-edicao-carnarock-em-brasilia\/"},"wordCount":447,"publisher":{"@id":"https:\/\/sanguefrioproducoes.com\/wordpress\/#organization"},"image":{"@id":"https:\/\/sanguefrioproducoes.com\/wordpress\/2026\/04\/29\/vulcano-lenda-do-metal-extremo-sul-americano-capitaneia-o-lokapalooza-edicao-carnarock-em-brasilia\/#primaryimage"},"thumbnailUrl":"https:\/\/sanguefrioproducoes.com\/wordpress\/wp-content\/uploads\/2026\/04\/VULCANO_Lokapalooza_Show.jpeg","articleSection":["Shows"],"inLanguage":"pt-BR"},{"@type":"WebPage","@id":"https:\/\/sanguefrioproducoes.com\/wordpress\/2026\/04\/29\/vulcano-lenda-do-metal-extremo-sul-americano-capitaneia-o-lokapalooza-edicao-carnarock-em-brasilia\/","url":"https:\/\/sanguefrioproducoes.com\/wordpress\/2026\/04\/29\/vulcano-lenda-do-metal-extremo-sul-americano-capitaneia-o-lokapalooza-edicao-carnarock-em-brasilia\/","name":"VULCANO: Lenda do Metal Extremo sul-americano capitaneia o \u2018Lokapalooza - Edi\u00e7\u00e3o Carnarock\u2019 em Bras\u00edlia - Sangue Frio Produ\u00e7\u00f5es","isPartOf":{"@id":"https:\/\/sanguefrioproducoes.com\/wordpress\/#website"},"primaryImageOfPage":{"@id":"https:\/\/sanguefrioproducoes.com\/wordpress\/2026\/04\/29\/vulcano-lenda-do-metal-extremo-sul-americano-capitaneia-o-lokapalooza-edicao-carnarock-em-brasilia\/#primaryimage"},"image":{"@id":"https:\/\/sanguefrioproducoes.com\/wordpress\/2026\/04\/29\/vulcano-lenda-do-metal-extremo-sul-americano-capitaneia-o-lokapalooza-edicao-carnarock-em-brasilia\/#primaryimage"},"thumbnailUrl":"https:\/\/sanguefrioproducoes.com\/wordpress\/wp-content\/uploads\/2026\/04\/VULCANO_Lokapalooza_Show.jpeg","datePublished":"2026-04-29T21:54:45+00:00","dateModified":"2026-04-29T21:54:45+00:00","breadcrumb":{"@id":"https:\/\/sanguefrioproducoes.com\/wordpress\/2026\/04\/29\/vulcano-lenda-do-metal-extremo-sul-americano-capitaneia-o-lokapalooza-edicao-carnarock-em-brasilia\/#breadcrumb"},"inLanguage":"pt-BR","potentialAction":[{"@type":"ReadAction","target":["https:\/\/sanguefrioproducoes.com\/wordpress\/2026\/04\/29\/vulcano-lenda-do-metal-extremo-sul-americano-capitaneia-o-lokapalooza-edicao-carnarock-em-brasilia\/"]}]},{"@type":"ImageObject","inLanguage":"pt-BR","@id":"https:\/\/sanguefrioproducoes.com\/wordpress\/2026\/04\/29\/vulcano-lenda-do-metal-extremo-sul-americano-capitaneia-o-lokapalooza-edicao-carnarock-em-brasilia\/#primaryimage","url":"https:\/\/sanguefrioproducoes.com\/wordpress\/wp-content\/uploads\/2026\/04\/VULCANO_Lokapalooza_Show.jpeg","contentUrl":"https:\/\/sanguefrioproducoes.com\/wordpress\/wp-content\/uploads\/2026\/04\/VULCANO_Lokapalooza_Show.jpeg","width":1079,"height":1325},{"@type":"BreadcrumbList","@id":"https:\/\/sanguefrioproducoes.com\/wordpress\/2026\/04\/29\/vulcano-lenda-do-metal-extremo-sul-americano-capitaneia-o-lokapalooza-edicao-carnarock-em-brasilia\/#breadcrumb","itemListElement":[{"@type":"ListItem","position":1,"name":"Home","item":"https:\/\/sanguefrioproducoes.com\/wordpress\/"},{"@type":"ListItem","position":2,"name":"VULCANO: Lenda do Metal Extremo sul-americano capitaneia o \u2018Lokapalooza &#8211; Edi\u00e7\u00e3o Carnarock\u2019 em Bras\u00edlia"}]},{"@type":"WebSite","@id":"https:\/\/sanguefrioproducoes.com\/wordpress\/#website","url":"https:\/\/sanguefrioproducoes.com\/wordpress\/","name":"Sangue Frio Produ\u00e7\u00f5es","description":"Empresa de marketing, assessoria de imprensa e rela\u00e7\u00f5es p\u00fablicas","publisher":{"@id":"https:\/\/sanguefrioproducoes.com\/wordpress\/#organization"},"potentialAction":[{"@type":"SearchAction","target":{"@type":"EntryPoint","urlTemplate":"https:\/\/sanguefrioproducoes.com\/wordpress\/?s={search_term_string}"},"query-input":{"@type":"PropertyValueSpecification","valueRequired":true,"valueName":"search_term_string"}}],"inLanguage":"pt-BR"},{"@type":"Organization","@id":"https:\/\/sanguefrioproducoes.com\/wordpress\/#organization","name":"Sangue Frio Produ\u00e7\u00f5es","url":"https:\/\/sanguefrioproducoes.com\/wordpress\/","logo":{"@type":"ImageObject","inLanguage":"pt-BR","@id":"https:\/\/sanguefrioproducoes.com\/wordpress\/#\/schema\/logo\/image\/","url":"https:\/\/sanguefrioproducoes.com\/wordpress\/wp-content\/uploads\/2019\/12\/SANGUE_FRIO_PRODUCOES_Logo_Preto_Sem_Fundo.png","contentUrl":"https:\/\/sanguefrioproducoes.com\/wordpress\/wp-content\/uploads\/2019\/12\/SANGUE_FRIO_PRODUCOES_Logo_Preto_Sem_Fundo.png","width":2096,"height":552,"caption":"Sangue Frio Produ\u00e7\u00f5es"},"image":{"@id":"https:\/\/sanguefrioproducoes.com\/wordpress\/#\/schema\/logo\/image\/"}},{"@type":"Person","@id":"https:\/\/sanguefrioproducoes.com\/wordpress\/#\/schema\/person\/b871057d03a45add355db403c4dbffba","name":"sanguefrioproducoes","image":{"@type":"ImageObject","inLanguage":"pt-BR","@id":"https:\/\/sanguefrioproducoes.com\/wordpress\/#\/schema\/person\/image\/","url":"https:\/\/secure.gravatar.com\/avatar\/4d2c039d50166ee03f696824a140af4a?s=96&d=mm&r=g","contentUrl":"https:\/\/secure.gravatar.com\/avatar\/4d2c039d50166ee03f696824a140af4a?s=96&d=mm&r=g","caption":"sanguefrioproducoes"},"url":"https:\/\/sanguefrioproducoes.com\/wordpress\/author\/sanguefrioproducoes\/"}]}},"jetpack_featured_media_url":"https:\/\/sanguefrioproducoes.com\/wordpress\/wp-content\/uploads\/2026\/04\/VULCANO_Lokapalooza_Show.jpeg","jetpack_sharing_enabled":true,"jetpack_likes_enabled":false,"_links":{"self":[{"href":"https:\/\/sanguefrioproducoes.com\/wordpress\/wp-json\/wp\/v2\/posts\/14699"}],"collection":[{"href":"https:\/\/sanguefrioproducoes.com\/wordpress\/wp-json\/wp\/v2\/posts"}],"about":[{"href":"https:\/\/sanguefrioproducoes.com\/wordpress\/wp-json\/wp\/v2\/types\/post"}],"author":[{"embeddable":true,"href":"https:\/\/sanguefrioproducoes.com\/wordpress\/wp-json\/wp\/v2\/users\/1"}],"replies":[{"embeddable":true,"href":"https:\/\/sanguefrioproducoes.com\/wordpress\/wp-json\/wp\/v2\/comments?post=14699"}],"version-history":[{"count":-4,"href":"https:\/\/sanguefrioproducoes.com\/wordpress\/wp-json\/wp\/v2\/posts\/14699\/revisions"}],"wp:featuredmedia":[{"embeddable":true,"href":"https:\/\/sanguefrioproducoes.com\/wordpress\/wp-json\/wp\/v2\/media\/14700"}],"wp:attachment":[{"href":"https:\/\/sanguefrioproducoes.com\/wordpress\/wp-json\/wp\/v2\/media?parent=14699"}],"wp:term":[{"taxonomy":"category","embeddable":true,"href":"https:\/\/sanguefrioproducoes.com\/wordpress\/wp-json\/wp\/v2\/categories?post=14699"},{"taxonomy":"post_tag","embeddable":true,"href":"https:\/\/sanguefrioproducoes.com\/wordpress\/wp-json\/wp\/v2\/tags?post=14699"}],"curies":[{"name":"wp","href":"https:\/\/api.w.org\/{rel}","templated":true}]}}