{"id":14529,"date":"2026-03-26T11:01:57","date_gmt":"2026-03-26T14:01:57","guid":{"rendered":"https:\/\/sanguefrioproducoes.com\/wordpress\/?p=14529"},"modified":"2026-03-26T11:01:57","modified_gmt":"2026-03-26T14:01:57","slug":"sky-in-flames-veteranos-do-death-metal-gaucho-confirmam-show-brutal-no-trilha-hub-cultural-em-sapucaia-do-sul-rs","status":"publish","type":"post","link":"https:\/\/sanguefrioproducoes.com\/wordpress\/2026\/03\/26\/sky-in-flames-veteranos-do-death-metal-gaucho-confirmam-show-brutal-no-trilha-hub-cultural-em-sapucaia-do-sul-rs\/","title":{"rendered":"SKY IN FLAMES: Veteranos do Death Metal ga\u00facho confirmam show brutal no Trilha Hub Cultural em Sapucaia do Sul\/RS"},"content":{"rendered":"<p style=\"text-align: justify;\">No pr\u00f3ximo dia <strong>19 de abril<\/strong>, a veterana banda ga\u00facha de Death Metal SKY IN FLAMES aporta no Trilha Hub Cultural (<strong><a href=\"https:\/\/www.instagram.com\/trilhahubcultural\/\" target=\"_blank\" rel=\"noopener\">@trilhahubcultural<\/a><\/strong>), em Sapucaia do Sul\/RS. O show faz parte da \u2018Apocalipse Tour\u2019, que celebra as mais de duas d\u00e9cadas de estrada do grupo e promove o atual EP \u201cThe Funeral Winds\u201d.<\/p>\n<p style=\"text-align: justify;\">Atualmente imersa nas grava\u00e7\u00f5es do novo \u00e1lbum <em>\u201cEnslaving Humans Through Faith\u201d<\/em>, a SKY IN FLAMES divide o palco com <strong>Ancestral Malediction<\/strong>, <strong>Troll<\/strong> e <strong>Imundo<\/strong>. O evento reafirma a for\u00e7a do Metal extremo regional em 2026, com in\u00edcio pontual \u00e0s 20h. Confira abaixo o cartaz e o servi\u00e7o completo para mais informa\u00e7\u00f5es:<\/p>\n<p style=\"text-align: center;\"><img decoding=\"async\" class=\"aligncenter\" src=\"..\/..\/upload\/imagens\/mediaset\/SKY_IN_FLAMES_MC_Show.jpeg\" alt=\"\" width=\"550\" height=\"550\" \/><\/p>\n<ul>\n<li><strong>SERVI\u00c7O:<\/strong><\/li>\n<li><strong>Show:<\/strong> Metal Conversor \u2013 24 Anos de SKY IN FLAMES<\/li>\n<li><strong>Local:<\/strong> Trilha Hub Cultural (<strong><a href=\"https:\/\/www.instagram.com\/trilhahubcultural\/\" target=\"_blank\" rel=\"noopener\">@trilhahubcultural<\/a><\/strong>)<\/li>\n<li><strong>Endere\u00e7o:<\/strong> Avenida Le\u00f4nidas de Souza, 891 \u2013 Sapucaia do Sul\/RS<\/li>\n<li><strong>Data:<\/strong> 19 de abril de 2026 (Domingo)<\/li>\n<li><strong>Hor\u00e1rio:<\/strong> 20h<\/li>\n<li><strong>Entrada:<\/strong> R$ 20,00 (Apoie a cena!)<\/li>\n<li><strong>Organiza\u00e7\u00e3o:<\/strong> Metal Conversor (<strong><a href=\"https:\/\/www.instagram.com\/metalconversor\/\" target=\"_blank\" rel=\"noopener\">@metalconversor<\/a><\/strong>)<\/li>\n<li><strong>Exposi\u00e7\u00e3o:<\/strong> Black Bag 666 (<a href=\"https:\/\/www.instagram.com\/blackbag666\/\" target=\"_blank\" rel=\"noopener\">@<strong>blackbag666<\/strong><\/a>)<\/li>\n<li><strong>Parceria:<\/strong> Bong Mofado Records (<a href=\"https:\/\/www.instagram.com\/bongmofado\/\" target=\"_blank\" rel=\"noopener\">@<strong>bongmofado<\/strong><\/a>)<\/li>\n<\/ul>\n<hr \/>\n<p style=\"text-align: justify;\"><strong>Novo EP a caminho!<\/strong><\/p>\n<p style=\"text-align: justify;\">Como supracitado, o\u00a0<strong>SKY IN FLAMES<\/strong>\u00a0est\u00e1 trabalhando pesado e j\u00e1 revelou os detalhes de seu mais novo material de est\u00fadio:\u00a0<strong>\u201cEnslaving Humans Through Faith\u201d<\/strong>.<\/p>\n<p style=\"text-align: justify;\">Atualmente em fase de finaliza\u00e7\u00e3o no\u00a0<strong>From Hellcords Studios<\/strong>, em Porto Alegre, o sucessor do atual e bem-recebido EP\u00a0<strong>\u201cThe Funeral Winds\u201d<\/strong>\u00a0conta novamente com a assinatura de\u00a0<strong>Wagner Santos<\/strong>. Al\u00e9m de assumir os vocais e guitarras, o m\u00fasico foi o respons\u00e1vel pelo desenvolvimento da arte da capa e pela composi\u00e7\u00e3o dos elementos orquestrais, garantindo uma unidade est\u00e9tica e conceitual profunda.<\/p>\n<p style=\"text-align: justify;\">Confira a imponente capa de \u201cEnslaving Humans Through Faith\u201d abaixo e siga a banda no Spotify para n\u00e3o perder o lan\u00e7amento aqui: <strong><a href=\"https:\/\/open.spotify.com\/intl-pt\/artist\/78DWHTz3b9QqlH26Y6OshS\" target=\"_blank\" rel=\"noopener\">https:\/\/open.spotify.com\/intl-pt\/artist\/78DWHTz3b9QqlH26Y6OshS<\/a><\/strong><\/p>\n<p style=\"text-align: center;\"><img decoding=\"async\" class=\"aligncenter\" src=\"..\/..\/upload\/imagens\/mediaset\/SKY_IN_FLAMES_Enslaving_Humans_Through_Faith_Cover.jpeg\" alt=\"\" width=\"550\" height=\"555\" \/><\/p>\n<hr \/>\n<p style=\"text-align: justify;\"><strong>SOBRE A &#8216;APOCALIPSE TOUR&#8217;<\/strong><\/p>\n<p style=\"text-align: justify;\">A\u00a0<strong>\u2018Apocalipse Tour\u2019<\/strong>\u00a0\u00e9 o novo cap\u00edtulo na trajet\u00f3ria do\u00a0<strong>SKY IN FLAMES<\/strong>, que j\u00e1 confirmou seis datas iniciais entre Rio Grande do Sul e Santa Catarina. Al\u00e9m da estreia em Porto Belo, a turn\u00ea passar\u00e1 \u2014 at\u00e9 o momento \u2014 por Florian\u00f3polis, Porto Alegre, Caxias do Sul, Sapucaia do Sul e Lajeado.<\/p>\n<p style=\"text-align: justify;\">Para acompanhar o cronograma completo e atualiza\u00e7\u00f5es em tempo real, acesse o Instagram oficial da banda aqui: <strong><a href=\"https:\/\/www.instagram.com\/skyinflames\/\" target=\"_blank\" rel=\"noopener\">https:\/\/www.instagram.com\/skyinflames\/<\/a><\/strong><\/p>\n<p style=\"text-align: center;\"><img decoding=\"async\" class=\"aligncenter\" src=\"..\/..\/upload\/imagens\/mediaset\/SKY_IN_FLAMES_Apocalipse_Tour.jpg\" alt=\"\" width=\"550\" height=\"550\" \/><\/p>\n<hr \/>\n<p style=\"text-align: justify;\"><strong>Agenda de 2026 e Contrata\u00e7\u00f5es<\/strong><\/p>\n<p style=\"text-align: justify;\">Produtores interessados em levar o massacre sonoro da \u2018Apocalipse Tour\u2019 do\u00a0<strong>SKY IN FLAMES<\/strong>\u00a0para seus eventos podem entrar em contato atrav\u00e9s dos seguintes canais:<\/p>\n<ul>\n<li style=\"text-align: justify;\"><strong>E-mail:\u00a0<a href=\"mailto:skyinflamesbrazil@gmail.com\">skyinflamesbrazil@gmail.com<\/a><\/strong><\/li>\n<li style=\"text-align: justify;\"><strong>WhatsApp\/Telegram:\u00a0<\/strong><a href=\"https:\/\/api.whatsapp.com\/send?1=pt_BR&amp;phone=5546988387204\" target=\"_blank\" rel=\"noopener\"><strong>(46) 98838-7204 (SFP \u2013 Press &amp; PR)<\/strong><\/a><\/li>\n<li style=\"text-align: justify;\"><strong>Instagram:\u00a0<a href=\"https:\/\/www.instagram.com\/skyinflames\" target=\"_blank\" rel=\"noopener\">https:\/\/www.instagram.com\/skyinflames<\/a><\/strong><\/li>\n<\/ul>\n<p style=\"text-align: center;\"><img decoding=\"async\" class=\"aligncenter\" src=\"..\/..\/upload\/imagens\/mediaset\/SKY_IN_FLAMES_Parceria.png\" alt=\"\" width=\"550\" height=\"550\" \/><\/p>\n<hr \/>\n<p style=\"text-align: justify;\">Receba essa e outras not\u00edcias em primeira m\u00e3o participando do canal oficial da SFP \u2013 Press &amp; PR no WhatsApp AQUI: <a href=\"https:\/\/bit.ly\/SFPWhatsAppChannel\">https:\/\/bit.ly\/SFPWhatsAppChannel<\/a><\/p>\n<p style=\"text-align: justify;\">Imprensa interessada em receber o material completo da banda para resenhas e\/ou entrevistas escreva para <a href=\"mailto:contato@sanguefrioproducoes.com\">contato@sanguefrioproducoes.com<\/a> ou diretamente pelo <a href=\"https:\/\/api.whatsapp.com\/send?1=pt_BR&amp;phone=5546988387204\">WhatsApp\/Telegram pelo n\u00famero (46) 98838-7204<\/a> e solicite o press kit.<\/p>\n<p style=\"text-align: justify;\"><strong>ASSESSORIA DE IMPRENSA: <\/strong><a href=\"..\/..\/artistas\/SKYINFLAMES\/132\"><strong>SANGUE FRIO PRODU\u00c7\u00d5ES<\/strong><\/a><strong><br \/>\n<\/strong>Contato: <a href=\"http:\/\/www.sanguefrioproducoes.com\/contato\">www.sanguefrioproducoes.com\/contato<\/a><br \/>\nSites relacionados:<br \/>\n<a href=\"https:\/\/www.facebook.com\/share\/15tQk2HAL8\/\">https:\/\/www.facebook.com\/share\/15tQk2HAL8\/<\/a><br \/>\n<a href=\"https:\/\/www.instagram.com\/skyinflames\">https:\/\/www.instagram.com\/skyinflames<\/a><br \/>\n<a href=\"https:\/\/skyinflames.bandcamp.com\/\">https:\/\/skyinflames.bandcamp.com\/<\/a><br \/>\n<a href=\"https:\/\/li.sten.to\/SKYINFLAMES\">https:\/\/li.sten.to\/SKYINFLAMES<\/a><\/p>\n","protected":false},"excerpt":{"rendered":"<p>No pr\u00f3ximo dia 19 de abril, a veterana banda ga\u00facha de Death Metal SKY IN FLAMES aporta no Trilha Hub Cultural (@trilhahubcultural), em Sapucaia do Sul\/RS. O show faz parte da \u2018Apocalipse Tour\u2019, que celebra as mais de duas d\u00e9cadas de estrada do grupo e promove o atual EP \u201cThe Funeral Winds\u201d. Atualmente imersa nas [&hellip;]<\/p>\n","protected":false},"author":1,"featured_media":14530,"comment_status":"closed","ping_status":"open","sticky":false,"template":"","format":"standard","meta":{"_jetpack_memberships_contains_paid_content":false,"footnotes":""},"categories":[33],"tags":[],"class_list":["post-14529","post","type-post","status-publish","format-standard","has-post-thumbnail","hentry","category-shows"],"yoast_head":"<!-- This site is optimized with the Yoast SEO plugin v23.7 - https:\/\/yoast.com\/wordpress\/plugins\/seo\/ -->\n<title>SKY IN FLAMES: Veteranos do Death Metal ga\u00facho confirmam show brutal no Trilha Hub Cultural em Sapucaia do Sul\/RS - Sangue Frio Produ\u00e7\u00f5es<\/title>\n<meta name=\"robots\" content=\"index, follow, max-snippet:-1, max-image-preview:large, max-video-preview:-1\" \/>\n<link rel=\"canonical\" href=\"https:\/\/sanguefrioproducoes.com\/wordpress\/2026\/03\/26\/sky-in-flames-veteranos-do-death-metal-gaucho-confirmam-show-brutal-no-trilha-hub-cultural-em-sapucaia-do-sul-rs\/\" \/>\n<meta property=\"og:locale\" content=\"pt_BR\" \/>\n<meta property=\"og:type\" content=\"article\" \/>\n<meta property=\"og:title\" content=\"SKY IN FLAMES: Veteranos do Death Metal ga\u00facho confirmam show brutal no Trilha Hub Cultural em Sapucaia do Sul\/RS - Sangue Frio Produ\u00e7\u00f5es\" \/>\n<meta property=\"og:description\" content=\"No pr\u00f3ximo dia 19 de abril, a veterana banda ga\u00facha de Death Metal SKY IN FLAMES aporta no Trilha Hub Cultural (@trilhahubcultural), em Sapucaia do Sul\/RS. O show faz parte da \u2018Apocalipse Tour\u2019, que celebra as mais de duas d\u00e9cadas de estrada do grupo e promove o atual EP \u201cThe Funeral Winds\u201d. Atualmente imersa nas [&hellip;]\" \/>\n<meta property=\"og:url\" content=\"https:\/\/sanguefrioproducoes.com\/wordpress\/2026\/03\/26\/sky-in-flames-veteranos-do-death-metal-gaucho-confirmam-show-brutal-no-trilha-hub-cultural-em-sapucaia-do-sul-rs\/\" \/>\n<meta property=\"og:site_name\" content=\"Sangue Frio Produ\u00e7\u00f5es\" \/>\n<meta property=\"article:published_time\" content=\"2026-03-26T14:01:57+00:00\" \/>\n<meta property=\"og:image\" content=\"http:\/\/sanguefrioproducoes.com\/wordpress\/wp-content\/uploads\/2026\/03\/SKY_IN_FLAMES_MC_Show.jpeg\" \/>\n\t<meta property=\"og:image:width\" content=\"1024\" \/>\n\t<meta property=\"og:image:height\" content=\"1024\" \/>\n\t<meta property=\"og:image:type\" content=\"image\/jpeg\" \/>\n<meta name=\"author\" content=\"sanguefrioproducoes\" \/>\n<meta name=\"twitter:card\" content=\"summary_large_image\" \/>\n<meta name=\"twitter:label1\" content=\"Escrito por\" \/>\n\t<meta name=\"twitter:data1\" content=\"sanguefrioproducoes\" \/>\n\t<meta name=\"twitter:label2\" content=\"Est. tempo de leitura\" \/>\n\t<meta name=\"twitter:data2\" content=\"4 minutos\" \/>\n<script type=\"application\/ld+json\" class=\"yoast-schema-graph\">{\"@context\":\"https:\/\/schema.org\",\"@graph\":[{\"@type\":\"Article\",\"@id\":\"https:\/\/sanguefrioproducoes.com\/wordpress\/2026\/03\/26\/sky-in-flames-veteranos-do-death-metal-gaucho-confirmam-show-brutal-no-trilha-hub-cultural-em-sapucaia-do-sul-rs\/#article\",\"isPartOf\":{\"@id\":\"https:\/\/sanguefrioproducoes.com\/wordpress\/2026\/03\/26\/sky-in-flames-veteranos-do-death-metal-gaucho-confirmam-show-brutal-no-trilha-hub-cultural-em-sapucaia-do-sul-rs\/\"},\"author\":{\"name\":\"sanguefrioproducoes\",\"@id\":\"https:\/\/sanguefrioproducoes.com\/wordpress\/#\/schema\/person\/b871057d03a45add355db403c4dbffba\"},\"headline\":\"SKY IN FLAMES: Veteranos do Death Metal ga\u00facho confirmam show brutal no Trilha Hub Cultural em Sapucaia do Sul\/RS\",\"datePublished\":\"2026-03-26T14:01:57+00:00\",\"dateModified\":\"2026-03-26T14:01:57+00:00\",\"mainEntityOfPage\":{\"@id\":\"https:\/\/sanguefrioproducoes.com\/wordpress\/2026\/03\/26\/sky-in-flames-veteranos-do-death-metal-gaucho-confirmam-show-brutal-no-trilha-hub-cultural-em-sapucaia-do-sul-rs\/\"},\"wordCount\":540,\"publisher\":{\"@id\":\"https:\/\/sanguefrioproducoes.com\/wordpress\/#organization\"},\"image\":{\"@id\":\"https:\/\/sanguefrioproducoes.com\/wordpress\/2026\/03\/26\/sky-in-flames-veteranos-do-death-metal-gaucho-confirmam-show-brutal-no-trilha-hub-cultural-em-sapucaia-do-sul-rs\/#primaryimage\"},\"thumbnailUrl\":\"https:\/\/sanguefrioproducoes.com\/wordpress\/wp-content\/uploads\/2026\/03\/SKY_IN_FLAMES_MC_Show.jpeg\",\"articleSection\":[\"Shows\"],\"inLanguage\":\"pt-BR\"},{\"@type\":\"WebPage\",\"@id\":\"https:\/\/sanguefrioproducoes.com\/wordpress\/2026\/03\/26\/sky-in-flames-veteranos-do-death-metal-gaucho-confirmam-show-brutal-no-trilha-hub-cultural-em-sapucaia-do-sul-rs\/\",\"url\":\"https:\/\/sanguefrioproducoes.com\/wordpress\/2026\/03\/26\/sky-in-flames-veteranos-do-death-metal-gaucho-confirmam-show-brutal-no-trilha-hub-cultural-em-sapucaia-do-sul-rs\/\",\"name\":\"SKY IN FLAMES: Veteranos do Death Metal ga\u00facho confirmam show brutal no Trilha Hub Cultural em Sapucaia do Sul\/RS - Sangue Frio Produ\u00e7\u00f5es\",\"isPartOf\":{\"@id\":\"https:\/\/sanguefrioproducoes.com\/wordpress\/#website\"},\"primaryImageOfPage\":{\"@id\":\"https:\/\/sanguefrioproducoes.com\/wordpress\/2026\/03\/26\/sky-in-flames-veteranos-do-death-metal-gaucho-confirmam-show-brutal-no-trilha-hub-cultural-em-sapucaia-do-sul-rs\/#primaryimage\"},\"image\":{\"@id\":\"https:\/\/sanguefrioproducoes.com\/wordpress\/2026\/03\/26\/sky-in-flames-veteranos-do-death-metal-gaucho-confirmam-show-brutal-no-trilha-hub-cultural-em-sapucaia-do-sul-rs\/#primaryimage\"},\"thumbnailUrl\":\"https:\/\/sanguefrioproducoes.com\/wordpress\/wp-content\/uploads\/2026\/03\/SKY_IN_FLAMES_MC_Show.jpeg\",\"datePublished\":\"2026-03-26T14:01:57+00:00\",\"dateModified\":\"2026-03-26T14:01:57+00:00\",\"breadcrumb\":{\"@id\":\"https:\/\/sanguefrioproducoes.com\/wordpress\/2026\/03\/26\/sky-in-flames-veteranos-do-death-metal-gaucho-confirmam-show-brutal-no-trilha-hub-cultural-em-sapucaia-do-sul-rs\/#breadcrumb\"},\"inLanguage\":\"pt-BR\",\"potentialAction\":[{\"@type\":\"ReadAction\",\"target\":[\"https:\/\/sanguefrioproducoes.com\/wordpress\/2026\/03\/26\/sky-in-flames-veteranos-do-death-metal-gaucho-confirmam-show-brutal-no-trilha-hub-cultural-em-sapucaia-do-sul-rs\/\"]}]},{\"@type\":\"ImageObject\",\"inLanguage\":\"pt-BR\",\"@id\":\"https:\/\/sanguefrioproducoes.com\/wordpress\/2026\/03\/26\/sky-in-flames-veteranos-do-death-metal-gaucho-confirmam-show-brutal-no-trilha-hub-cultural-em-sapucaia-do-sul-rs\/#primaryimage\",\"url\":\"https:\/\/sanguefrioproducoes.com\/wordpress\/wp-content\/uploads\/2026\/03\/SKY_IN_FLAMES_MC_Show.jpeg\",\"contentUrl\":\"https:\/\/sanguefrioproducoes.com\/wordpress\/wp-content\/uploads\/2026\/03\/SKY_IN_FLAMES_MC_Show.jpeg\",\"width\":1024,\"height\":1024},{\"@type\":\"BreadcrumbList\",\"@id\":\"https:\/\/sanguefrioproducoes.com\/wordpress\/2026\/03\/26\/sky-in-flames-veteranos-do-death-metal-gaucho-confirmam-show-brutal-no-trilha-hub-cultural-em-sapucaia-do-sul-rs\/#breadcrumb\",\"itemListElement\":[{\"@type\":\"ListItem\",\"position\":1,\"name\":\"Home\",\"item\":\"https:\/\/sanguefrioproducoes.com\/wordpress\/\"},{\"@type\":\"ListItem\",\"position\":2,\"name\":\"SKY IN FLAMES: Veteranos do Death Metal ga\u00facho confirmam show brutal no Trilha Hub Cultural em Sapucaia do Sul\/RS\"}]},{\"@type\":\"WebSite\",\"@id\":\"https:\/\/sanguefrioproducoes.com\/wordpress\/#website\",\"url\":\"https:\/\/sanguefrioproducoes.com\/wordpress\/\",\"name\":\"Sangue Frio Produ\u00e7\u00f5es\",\"description\":\"Empresa de marketing, assessoria de imprensa e rela\u00e7\u00f5es p\u00fablicas\",\"publisher\":{\"@id\":\"https:\/\/sanguefrioproducoes.com\/wordpress\/#organization\"},\"potentialAction\":[{\"@type\":\"SearchAction\",\"target\":{\"@type\":\"EntryPoint\",\"urlTemplate\":\"https:\/\/sanguefrioproducoes.com\/wordpress\/?s={search_term_string}\"},\"query-input\":{\"@type\":\"PropertyValueSpecification\",\"valueRequired\":true,\"valueName\":\"search_term_string\"}}],\"inLanguage\":\"pt-BR\"},{\"@type\":\"Organization\",\"@id\":\"https:\/\/sanguefrioproducoes.com\/wordpress\/#organization\",\"name\":\"Sangue Frio Produ\u00e7\u00f5es\",\"url\":\"https:\/\/sanguefrioproducoes.com\/wordpress\/\",\"logo\":{\"@type\":\"ImageObject\",\"inLanguage\":\"pt-BR\",\"@id\":\"https:\/\/sanguefrioproducoes.com\/wordpress\/#\/schema\/logo\/image\/\",\"url\":\"https:\/\/sanguefrioproducoes.com\/wordpress\/wp-content\/uploads\/2019\/12\/SANGUE_FRIO_PRODUCOES_Logo_Preto_Sem_Fundo.png\",\"contentUrl\":\"https:\/\/sanguefrioproducoes.com\/wordpress\/wp-content\/uploads\/2019\/12\/SANGUE_FRIO_PRODUCOES_Logo_Preto_Sem_Fundo.png\",\"width\":2096,\"height\":552,\"caption\":\"Sangue Frio Produ\u00e7\u00f5es\"},\"image\":{\"@id\":\"https:\/\/sanguefrioproducoes.com\/wordpress\/#\/schema\/logo\/image\/\"}},{\"@type\":\"Person\",\"@id\":\"https:\/\/sanguefrioproducoes.com\/wordpress\/#\/schema\/person\/b871057d03a45add355db403c4dbffba\",\"name\":\"sanguefrioproducoes\",\"image\":{\"@type\":\"ImageObject\",\"inLanguage\":\"pt-BR\",\"@id\":\"https:\/\/sanguefrioproducoes.com\/wordpress\/#\/schema\/person\/image\/\",\"url\":\"https:\/\/secure.gravatar.com\/avatar\/4d2c039d50166ee03f696824a140af4a?s=96&d=mm&r=g\",\"contentUrl\":\"https:\/\/secure.gravatar.com\/avatar\/4d2c039d50166ee03f696824a140af4a?s=96&d=mm&r=g\",\"caption\":\"sanguefrioproducoes\"},\"url\":\"https:\/\/sanguefrioproducoes.com\/wordpress\/author\/sanguefrioproducoes\/\"}]}<\/script>\n<!-- \/ Yoast SEO plugin. -->","yoast_head_json":{"title":"SKY IN FLAMES: Veteranos do Death Metal ga\u00facho confirmam show brutal no Trilha Hub Cultural em Sapucaia do Sul\/RS - Sangue Frio Produ\u00e7\u00f5es","robots":{"index":"index","follow":"follow","max-snippet":"max-snippet:-1","max-image-preview":"max-image-preview:large","max-video-preview":"max-video-preview:-1"},"canonical":"https:\/\/sanguefrioproducoes.com\/wordpress\/2026\/03\/26\/sky-in-flames-veteranos-do-death-metal-gaucho-confirmam-show-brutal-no-trilha-hub-cultural-em-sapucaia-do-sul-rs\/","og_locale":"pt_BR","og_type":"article","og_title":"SKY IN FLAMES: Veteranos do Death Metal ga\u00facho confirmam show brutal no Trilha Hub Cultural em Sapucaia do Sul\/RS - Sangue Frio Produ\u00e7\u00f5es","og_description":"No pr\u00f3ximo dia 19 de abril, a veterana banda ga\u00facha de Death Metal SKY IN FLAMES aporta no Trilha Hub Cultural (@trilhahubcultural), em Sapucaia do Sul\/RS. O show faz parte da \u2018Apocalipse Tour\u2019, que celebra as mais de duas d\u00e9cadas de estrada do grupo e promove o atual EP \u201cThe Funeral Winds\u201d. Atualmente imersa nas [&hellip;]","og_url":"https:\/\/sanguefrioproducoes.com\/wordpress\/2026\/03\/26\/sky-in-flames-veteranos-do-death-metal-gaucho-confirmam-show-brutal-no-trilha-hub-cultural-em-sapucaia-do-sul-rs\/","og_site_name":"Sangue Frio Produ\u00e7\u00f5es","article_published_time":"2026-03-26T14:01:57+00:00","og_image":[{"width":1024,"height":1024,"url":"http:\/\/sanguefrioproducoes.com\/wordpress\/wp-content\/uploads\/2026\/03\/SKY_IN_FLAMES_MC_Show.jpeg","type":"image\/jpeg"}],"author":"sanguefrioproducoes","twitter_card":"summary_large_image","twitter_misc":{"Escrito por":"sanguefrioproducoes","Est. tempo de leitura":"4 minutos"},"schema":{"@context":"https:\/\/schema.org","@graph":[{"@type":"Article","@id":"https:\/\/sanguefrioproducoes.com\/wordpress\/2026\/03\/26\/sky-in-flames-veteranos-do-death-metal-gaucho-confirmam-show-brutal-no-trilha-hub-cultural-em-sapucaia-do-sul-rs\/#article","isPartOf":{"@id":"https:\/\/sanguefrioproducoes.com\/wordpress\/2026\/03\/26\/sky-in-flames-veteranos-do-death-metal-gaucho-confirmam-show-brutal-no-trilha-hub-cultural-em-sapucaia-do-sul-rs\/"},"author":{"name":"sanguefrioproducoes","@id":"https:\/\/sanguefrioproducoes.com\/wordpress\/#\/schema\/person\/b871057d03a45add355db403c4dbffba"},"headline":"SKY IN FLAMES: Veteranos do Death Metal ga\u00facho confirmam show brutal no Trilha Hub Cultural em Sapucaia do Sul\/RS","datePublished":"2026-03-26T14:01:57+00:00","dateModified":"2026-03-26T14:01:57+00:00","mainEntityOfPage":{"@id":"https:\/\/sanguefrioproducoes.com\/wordpress\/2026\/03\/26\/sky-in-flames-veteranos-do-death-metal-gaucho-confirmam-show-brutal-no-trilha-hub-cultural-em-sapucaia-do-sul-rs\/"},"wordCount":540,"publisher":{"@id":"https:\/\/sanguefrioproducoes.com\/wordpress\/#organization"},"image":{"@id":"https:\/\/sanguefrioproducoes.com\/wordpress\/2026\/03\/26\/sky-in-flames-veteranos-do-death-metal-gaucho-confirmam-show-brutal-no-trilha-hub-cultural-em-sapucaia-do-sul-rs\/#primaryimage"},"thumbnailUrl":"https:\/\/sanguefrioproducoes.com\/wordpress\/wp-content\/uploads\/2026\/03\/SKY_IN_FLAMES_MC_Show.jpeg","articleSection":["Shows"],"inLanguage":"pt-BR"},{"@type":"WebPage","@id":"https:\/\/sanguefrioproducoes.com\/wordpress\/2026\/03\/26\/sky-in-flames-veteranos-do-death-metal-gaucho-confirmam-show-brutal-no-trilha-hub-cultural-em-sapucaia-do-sul-rs\/","url":"https:\/\/sanguefrioproducoes.com\/wordpress\/2026\/03\/26\/sky-in-flames-veteranos-do-death-metal-gaucho-confirmam-show-brutal-no-trilha-hub-cultural-em-sapucaia-do-sul-rs\/","name":"SKY IN FLAMES: Veteranos do Death Metal ga\u00facho confirmam show brutal no Trilha Hub Cultural em Sapucaia do Sul\/RS - Sangue Frio Produ\u00e7\u00f5es","isPartOf":{"@id":"https:\/\/sanguefrioproducoes.com\/wordpress\/#website"},"primaryImageOfPage":{"@id":"https:\/\/sanguefrioproducoes.com\/wordpress\/2026\/03\/26\/sky-in-flames-veteranos-do-death-metal-gaucho-confirmam-show-brutal-no-trilha-hub-cultural-em-sapucaia-do-sul-rs\/#primaryimage"},"image":{"@id":"https:\/\/sanguefrioproducoes.com\/wordpress\/2026\/03\/26\/sky-in-flames-veteranos-do-death-metal-gaucho-confirmam-show-brutal-no-trilha-hub-cultural-em-sapucaia-do-sul-rs\/#primaryimage"},"thumbnailUrl":"https:\/\/sanguefrioproducoes.com\/wordpress\/wp-content\/uploads\/2026\/03\/SKY_IN_FLAMES_MC_Show.jpeg","datePublished":"2026-03-26T14:01:57+00:00","dateModified":"2026-03-26T14:01:57+00:00","breadcrumb":{"@id":"https:\/\/sanguefrioproducoes.com\/wordpress\/2026\/03\/26\/sky-in-flames-veteranos-do-death-metal-gaucho-confirmam-show-brutal-no-trilha-hub-cultural-em-sapucaia-do-sul-rs\/#breadcrumb"},"inLanguage":"pt-BR","potentialAction":[{"@type":"ReadAction","target":["https:\/\/sanguefrioproducoes.com\/wordpress\/2026\/03\/26\/sky-in-flames-veteranos-do-death-metal-gaucho-confirmam-show-brutal-no-trilha-hub-cultural-em-sapucaia-do-sul-rs\/"]}]},{"@type":"ImageObject","inLanguage":"pt-BR","@id":"https:\/\/sanguefrioproducoes.com\/wordpress\/2026\/03\/26\/sky-in-flames-veteranos-do-death-metal-gaucho-confirmam-show-brutal-no-trilha-hub-cultural-em-sapucaia-do-sul-rs\/#primaryimage","url":"https:\/\/sanguefrioproducoes.com\/wordpress\/wp-content\/uploads\/2026\/03\/SKY_IN_FLAMES_MC_Show.jpeg","contentUrl":"https:\/\/sanguefrioproducoes.com\/wordpress\/wp-content\/uploads\/2026\/03\/SKY_IN_FLAMES_MC_Show.jpeg","width":1024,"height":1024},{"@type":"BreadcrumbList","@id":"https:\/\/sanguefrioproducoes.com\/wordpress\/2026\/03\/26\/sky-in-flames-veteranos-do-death-metal-gaucho-confirmam-show-brutal-no-trilha-hub-cultural-em-sapucaia-do-sul-rs\/#breadcrumb","itemListElement":[{"@type":"ListItem","position":1,"name":"Home","item":"https:\/\/sanguefrioproducoes.com\/wordpress\/"},{"@type":"ListItem","position":2,"name":"SKY IN FLAMES: Veteranos do Death Metal ga\u00facho confirmam show brutal no Trilha Hub Cultural em Sapucaia do Sul\/RS"}]},{"@type":"WebSite","@id":"https:\/\/sanguefrioproducoes.com\/wordpress\/#website","url":"https:\/\/sanguefrioproducoes.com\/wordpress\/","name":"Sangue Frio Produ\u00e7\u00f5es","description":"Empresa de marketing, assessoria de imprensa e rela\u00e7\u00f5es p\u00fablicas","publisher":{"@id":"https:\/\/sanguefrioproducoes.com\/wordpress\/#organization"},"potentialAction":[{"@type":"SearchAction","target":{"@type":"EntryPoint","urlTemplate":"https:\/\/sanguefrioproducoes.com\/wordpress\/?s={search_term_string}"},"query-input":{"@type":"PropertyValueSpecification","valueRequired":true,"valueName":"search_term_string"}}],"inLanguage":"pt-BR"},{"@type":"Organization","@id":"https:\/\/sanguefrioproducoes.com\/wordpress\/#organization","name":"Sangue Frio Produ\u00e7\u00f5es","url":"https:\/\/sanguefrioproducoes.com\/wordpress\/","logo":{"@type":"ImageObject","inLanguage":"pt-BR","@id":"https:\/\/sanguefrioproducoes.com\/wordpress\/#\/schema\/logo\/image\/","url":"https:\/\/sanguefrioproducoes.com\/wordpress\/wp-content\/uploads\/2019\/12\/SANGUE_FRIO_PRODUCOES_Logo_Preto_Sem_Fundo.png","contentUrl":"https:\/\/sanguefrioproducoes.com\/wordpress\/wp-content\/uploads\/2019\/12\/SANGUE_FRIO_PRODUCOES_Logo_Preto_Sem_Fundo.png","width":2096,"height":552,"caption":"Sangue Frio Produ\u00e7\u00f5es"},"image":{"@id":"https:\/\/sanguefrioproducoes.com\/wordpress\/#\/schema\/logo\/image\/"}},{"@type":"Person","@id":"https:\/\/sanguefrioproducoes.com\/wordpress\/#\/schema\/person\/b871057d03a45add355db403c4dbffba","name":"sanguefrioproducoes","image":{"@type":"ImageObject","inLanguage":"pt-BR","@id":"https:\/\/sanguefrioproducoes.com\/wordpress\/#\/schema\/person\/image\/","url":"https:\/\/secure.gravatar.com\/avatar\/4d2c039d50166ee03f696824a140af4a?s=96&d=mm&r=g","contentUrl":"https:\/\/secure.gravatar.com\/avatar\/4d2c039d50166ee03f696824a140af4a?s=96&d=mm&r=g","caption":"sanguefrioproducoes"},"url":"https:\/\/sanguefrioproducoes.com\/wordpress\/author\/sanguefrioproducoes\/"}]}},"jetpack_featured_media_url":"https:\/\/sanguefrioproducoes.com\/wordpress\/wp-content\/uploads\/2026\/03\/SKY_IN_FLAMES_MC_Show.jpeg","jetpack_sharing_enabled":true,"jetpack_likes_enabled":false,"_links":{"self":[{"href":"https:\/\/sanguefrioproducoes.com\/wordpress\/wp-json\/wp\/v2\/posts\/14529"}],"collection":[{"href":"https:\/\/sanguefrioproducoes.com\/wordpress\/wp-json\/wp\/v2\/posts"}],"about":[{"href":"https:\/\/sanguefrioproducoes.com\/wordpress\/wp-json\/wp\/v2\/types\/post"}],"author":[{"embeddable":true,"href":"https:\/\/sanguefrioproducoes.com\/wordpress\/wp-json\/wp\/v2\/users\/1"}],"replies":[{"embeddable":true,"href":"https:\/\/sanguefrioproducoes.com\/wordpress\/wp-json\/wp\/v2\/comments?post=14529"}],"version-history":[{"count":-4,"href":"https:\/\/sanguefrioproducoes.com\/wordpress\/wp-json\/wp\/v2\/posts\/14529\/revisions"}],"wp:featuredmedia":[{"embeddable":true,"href":"https:\/\/sanguefrioproducoes.com\/wordpress\/wp-json\/wp\/v2\/media\/14530"}],"wp:attachment":[{"href":"https:\/\/sanguefrioproducoes.com\/wordpress\/wp-json\/wp\/v2\/media?parent=14529"}],"wp:term":[{"taxonomy":"category","embeddable":true,"href":"https:\/\/sanguefrioproducoes.com\/wordpress\/wp-json\/wp\/v2\/categories?post=14529"},{"taxonomy":"post_tag","embeddable":true,"href":"https:\/\/sanguefrioproducoes.com\/wordpress\/wp-json\/wp\/v2\/tags?post=14529"}],"curies":[{"name":"wp","href":"https:\/\/api.w.org\/{rel}","templated":true}]}}