{"id":14463,"date":"2026-03-12T09:46:35","date_gmt":"2026-03-12T12:46:35","guid":{"rendered":"https:\/\/sanguefrioproducoes.com\/wordpress\/?p=14463"},"modified":"2026-03-12T09:46:35","modified_gmt":"2026-03-12T12:46:35","slug":"metallstein-o-caos-do-death-thrash-metal-invade-o-projeto-o-som-do-meu-rabisco-em-cubatao-sp-neste-domingo-15","status":"publish","type":"post","link":"https:\/\/sanguefrioproducoes.com\/wordpress\/2026\/03\/12\/metallstein-o-caos-do-death-thrash-metal-invade-o-projeto-o-som-do-meu-rabisco-em-cubatao-sp-neste-domingo-15\/","title":{"rendered":"METALLSTEIN: O Caos do Death\/Thrash Metal invade o projeto \u2018O Som Do Meu Rabisco\u2019 em Cubat\u00e3o\/SP neste domingo (15)"},"content":{"rendered":"<p style=\"text-align: justify;\">O duo santista de Death\/Thrash Metal <strong>METALLSTEIN<\/strong> apresenta-se neste domingo, 15 de mar\u00e7o, a partir das 12h, no Galp\u00e3o Cultural em Cubat\u00e3o\/SP. O evento faz parte do projeto sociocultural &#8216;O Som Do Meu Rabisco&#8217; e conta ainda com as bandas <strong>A Phoyce<\/strong> e <strong>Albano &amp; Canuto Trio<\/strong>, unindo o peso extremo \u00e0 produ\u00e7\u00e3o art\u00edstica local.<\/p>\n<p style=\"text-align: justify;\">Atualmente imerso na composi\u00e7\u00e3o de novas m\u00fasicas que definem sua fase atual, o grupo promete um setlist que reflete a evolu\u00e7\u00e3o sonora da dupla. O show no Galp\u00e3o Cultural marca um momento estrat\u00e9gico de conex\u00e3o com o p\u00fablico da Baixada Santista, antecipando a energia do material in\u00e9dito que est\u00e1 por vir.<\/p>\n<p style=\"text-align: justify;\">A iniciativa, viabilizada pela Lei Paulo Gustavo e com apoio da Secretaria de Cultura de Cubat\u00e3o, refor\u00e7a a import\u00e2ncia da ocupa\u00e7\u00e3o de espa\u00e7os p\u00fablicos pelo Metal extremo. Confira abaixo o cartaz servi\u00e7o completo e o cartaz oficial da celebra\u00e7\u00e3o:<\/p>\n<p style=\"text-align: center;\"><img decoding=\"async\" class=\"aligncenter\" src=\"..\/..\/..\/..\/upload\/imagens\/mediaset\/METALLSTEIN_O_Som_Do_Meu_Rabisco.jpg\" alt=\"\" width=\"550\" height=\"688\" \/><\/p>\n<ul>\n<li style=\"text-align: justify;\"><strong>SERVI\u00c7O:<\/strong><\/li>\n<li style=\"text-align: justify;\"><strong>Show:\u00a0<\/strong>METALLSTEIN no \u2018O Som Do Meu Rabisco\u2019 (<a href=\"https:\/\/www.instagram.com\/osomdomeurabisco\/\">@osomdomeurabisco<\/a>)<\/li>\n<li style=\"text-align: justify;\"><strong>Local:\u00a0<\/strong>Galp\u00e3o Cultural<\/li>\n<li style=\"text-align: justify;\"><strong>Endere\u00e7o:\u00a0<\/strong>Rua Assembleia de Deus, n\u00ba 435, Jardim S\u00e3o Francisco \u2013 Cubat\u00e3o\/SP<\/li>\n<li style=\"text-align: justify;\"><strong>Data:\u00a0<\/strong>15 de mar\u00e7o de 2026 (domingo)<\/li>\n<li style=\"text-align: justify;\"><strong>Hor\u00e1rio:\u00a0<\/strong>Das 12h \u00e0s 17h<\/li>\n<li style=\"text-align: justify;\"><strong>Ingressos:\u00a0<\/strong>Gratuita \/ Projeto Sociocultural<\/li>\n<li style=\"text-align: justify;\"><strong>Organiza\u00e7\u00e3o:\u00a0<\/strong><a href=\"https:\/\/www.instagram.com\/osomdomeurabisco\/\">@osomdomeurabisco<\/a><\/li>\n<\/ul>\n<hr \/>\n<p style=\"text-align: justify;\"><strong>Reta final antes do novo \u00e1lbum<\/strong><\/p>\n<p style=\"text-align: justify;\">O foco do\u00a0<strong>METALLSTEIN<\/strong>\u00a0em 2026 \u00e9 a evolu\u00e7\u00e3o. Com a pr\u00e9-produ\u00e7\u00e3o do novo material em est\u00e1gio avan\u00e7ado, a banda intensificou os trabalhos nos \u00faltimos meses para garantir uma identidade sonora ainda mais r\u00edspida. O show de s\u00e1bado funciona como uma vitrine desse processo, expondo a agressividade que o grupo pretende levar para o mercado de Metal extremo sul-americano.<\/p>\n<p style=\"text-align: justify;\">A discografia completa do duo segue dispon\u00edvel em todas as plataformas de streaming para quem deseja chegar ao show com o repert\u00f3rio em dia. Ou\u00e7a aqui: <a href=\"https:\/\/li.sten.to\/Metallstein\">https:\/\/li.sten.to\/Metallstein<\/a><\/p>\n<p style=\"text-align: center;\"><iframe src=\"https:\/\/li.sten.to\/embed\/Metallstein\" width=\"372\" height=\"550\" frameborder=\"0\"><\/iframe><br \/>\n<a style=\"text-decoration: none; color: #888; font-family: sans-serif; font-size: 0.7em;\" href=\"https:\/\/li.sten.to\">Created with ListenTo &#8211; Free Smart URLs &amp; Pre-Save Links<\/a><\/p>\n<hr \/>\n<p><strong>CONTATO PARA CURADORIA E SHOWS:<\/strong><\/p>\n<ul>\n<li><strong>E-mail:\u00a0<a href=\"mailto:contato.metallstein@gmail.com\">metallstein@gmail.com<\/a><\/strong><\/li>\n<li><strong>WhatsApp\/Telegram:\u00a0<\/strong><a href=\"https:\/\/api.whatsapp.com\/send?1=pt_BR&amp;phone=5546988387204\"><strong>(46) 98838-7204 (SFP \u2013 Press &amp; PR)<\/strong><\/a><\/li>\n<\/ul>\n<p style=\"text-align: center;\"><img decoding=\"async\" class=\"aligncenter\" src=\"..\/..\/..\/..\/upload\/imagens\/mediaset\/METALLSTEIN_Post_Parceria.png\" alt=\"\" width=\"550\" height=\"550\" \/><\/p>\n<hr \/>\n<p>&nbsp;<\/p>\n<p style=\"text-align: justify;\">Receba essa e outras not\u00edcias em primeira m\u00e3o participando do canal oficial da SFP \u2013 Press &amp; PR no WhatsApp AQUI: <a href=\"https:\/\/bit.ly\/SFPWhatsAppChannel\">https:\/\/bit.ly\/SFPWhatsAppChannel<\/a><\/p>\n<p style=\"text-align: justify;\">Imprensa interessada em receber o material completo da banda para resenhas e\/ou entrevistas escreva para <a href=\"mailto:contato@sanguefrioproducoes.com\">contato@sanguefrioproducoes.com<\/a> ou diretamente pelo <a href=\"https:\/\/api.whatsapp.com\/send?1=pt_BR&amp;phone=5546988387204\">WhatsApp\/Telegram pelo n\u00famero (46) 98838-7204<\/a> e solicite o press kit.<\/p>\n<p style=\"text-align: justify;\"><strong>ASSESSORIA DE IMPRENSA: <\/strong><a href=\"..\/..\/..\/..\/artistas\/METALLSTEIN\/91\"><strong>SANGUE FRIO PRODU\u00c7\u00d5ES<\/strong><\/a><strong><br \/>\n<\/strong>Contato: <a href=\"http:\/\/www.sanguefrioproducoes.com\/contato\">www.sanguefrioproducoes.com\/contato<\/a><br \/>\nSites relacionados:<br \/>\n<a href=\"https:\/\/www.instagram.com\/metallstein.rock\">https:\/\/www.instagram.com\/metallstein.rock<\/a><br \/>\n<a href=\"https:\/\/youtube.com\/@metallsteinrock\">https:\/\/youtube.com\/@metallsteinrock<\/a><br \/>\n<a href=\"https:\/\/twitter.com\/metallsteinbra1\">https:\/\/twitter.com\/metallsteinbra1<\/a><br \/>\n<a href=\"https:\/\/li.sten.to\/Metallstein\">https:\/\/li.sten.to\/Metallstein<\/a><\/p>\n","protected":false},"excerpt":{"rendered":"<p>O duo santista de Death\/Thrash Metal METALLSTEIN apresenta-se neste domingo, 15 de mar\u00e7o, a partir das 12h, no Galp\u00e3o Cultural em Cubat\u00e3o\/SP. O evento faz parte do projeto sociocultural &#8216;O Som Do Meu Rabisco&#8217; e conta ainda com as bandas A Phoyce e Albano &amp; Canuto Trio, unindo o peso extremo \u00e0 produ\u00e7\u00e3o art\u00edstica local. [&hellip;]<\/p>\n","protected":false},"author":1,"featured_media":14464,"comment_status":"closed","ping_status":"open","sticky":false,"template":"","format":"standard","meta":{"_jetpack_memberships_contains_paid_content":false,"footnotes":""},"categories":[33],"tags":[],"class_list":["post-14463","post","type-post","status-publish","format-standard","has-post-thumbnail","hentry","category-shows"],"yoast_head":"<!-- This site is optimized with the Yoast SEO plugin v23.7 - https:\/\/yoast.com\/wordpress\/plugins\/seo\/ -->\n<title>METALLSTEIN: O Caos do Death\/Thrash Metal invade o projeto \u2018O Som Do Meu Rabisco\u2019 em Cubat\u00e3o\/SP neste domingo (15) - Sangue Frio Produ\u00e7\u00f5es<\/title>\n<meta name=\"robots\" content=\"index, follow, max-snippet:-1, max-image-preview:large, max-video-preview:-1\" \/>\n<link rel=\"canonical\" href=\"https:\/\/sanguefrioproducoes.com\/wordpress\/2026\/03\/12\/metallstein-o-caos-do-death-thrash-metal-invade-o-projeto-o-som-do-meu-rabisco-em-cubatao-sp-neste-domingo-15\/\" \/>\n<meta property=\"og:locale\" content=\"pt_BR\" \/>\n<meta property=\"og:type\" content=\"article\" \/>\n<meta property=\"og:title\" content=\"METALLSTEIN: O Caos do Death\/Thrash Metal invade o projeto \u2018O Som Do Meu Rabisco\u2019 em Cubat\u00e3o\/SP neste domingo (15) - Sangue Frio Produ\u00e7\u00f5es\" \/>\n<meta property=\"og:description\" content=\"O duo santista de Death\/Thrash Metal METALLSTEIN apresenta-se neste domingo, 15 de mar\u00e7o, a partir das 12h, no Galp\u00e3o Cultural em Cubat\u00e3o\/SP. O evento faz parte do projeto sociocultural &#8216;O Som Do Meu Rabisco&#8217; e conta ainda com as bandas A Phoyce e Albano &amp; Canuto Trio, unindo o peso extremo \u00e0 produ\u00e7\u00e3o art\u00edstica local. [&hellip;]\" \/>\n<meta property=\"og:url\" content=\"https:\/\/sanguefrioproducoes.com\/wordpress\/2026\/03\/12\/metallstein-o-caos-do-death-thrash-metal-invade-o-projeto-o-som-do-meu-rabisco-em-cubatao-sp-neste-domingo-15\/\" \/>\n<meta property=\"og:site_name\" content=\"Sangue Frio Produ\u00e7\u00f5es\" \/>\n<meta property=\"article:published_time\" content=\"2026-03-12T12:46:35+00:00\" \/>\n<meta property=\"og:image\" content=\"http:\/\/sanguefrioproducoes.com\/wordpress\/wp-content\/uploads\/2026\/03\/METALLSTEIN_O_Som_Do_Meu_Rabisco.jpg\" \/>\n\t<meta property=\"og:image:width\" content=\"1080\" \/>\n\t<meta property=\"og:image:height\" content=\"1350\" \/>\n\t<meta property=\"og:image:type\" content=\"image\/jpeg\" \/>\n<meta name=\"author\" content=\"sanguefrioproducoes\" \/>\n<meta name=\"twitter:card\" content=\"summary_large_image\" \/>\n<meta name=\"twitter:label1\" content=\"Escrito por\" \/>\n\t<meta name=\"twitter:data1\" content=\"sanguefrioproducoes\" \/>\n\t<meta name=\"twitter:label2\" content=\"Est. tempo de leitura\" \/>\n\t<meta name=\"twitter:data2\" content=\"3 minutos\" \/>\n<script type=\"application\/ld+json\" class=\"yoast-schema-graph\">{\"@context\":\"https:\/\/schema.org\",\"@graph\":[{\"@type\":\"Article\",\"@id\":\"https:\/\/sanguefrioproducoes.com\/wordpress\/2026\/03\/12\/metallstein-o-caos-do-death-thrash-metal-invade-o-projeto-o-som-do-meu-rabisco-em-cubatao-sp-neste-domingo-15\/#article\",\"isPartOf\":{\"@id\":\"https:\/\/sanguefrioproducoes.com\/wordpress\/2026\/03\/12\/metallstein-o-caos-do-death-thrash-metal-invade-o-projeto-o-som-do-meu-rabisco-em-cubatao-sp-neste-domingo-15\/\"},\"author\":{\"name\":\"sanguefrioproducoes\",\"@id\":\"https:\/\/sanguefrioproducoes.com\/wordpress\/#\/schema\/person\/b871057d03a45add355db403c4dbffba\"},\"headline\":\"METALLSTEIN: O Caos do Death\/Thrash Metal invade o projeto \u2018O Som Do Meu Rabisco\u2019 em Cubat\u00e3o\/SP neste domingo (15)\",\"datePublished\":\"2026-03-12T12:46:35+00:00\",\"dateModified\":\"2026-03-12T12:46:35+00:00\",\"mainEntityOfPage\":{\"@id\":\"https:\/\/sanguefrioproducoes.com\/wordpress\/2026\/03\/12\/metallstein-o-caos-do-death-thrash-metal-invade-o-projeto-o-som-do-meu-rabisco-em-cubatao-sp-neste-domingo-15\/\"},\"wordCount\":458,\"publisher\":{\"@id\":\"https:\/\/sanguefrioproducoes.com\/wordpress\/#organization\"},\"image\":{\"@id\":\"https:\/\/sanguefrioproducoes.com\/wordpress\/2026\/03\/12\/metallstein-o-caos-do-death-thrash-metal-invade-o-projeto-o-som-do-meu-rabisco-em-cubatao-sp-neste-domingo-15\/#primaryimage\"},\"thumbnailUrl\":\"https:\/\/sanguefrioproducoes.com\/wordpress\/wp-content\/uploads\/2026\/03\/METALLSTEIN_O_Som_Do_Meu_Rabisco.jpg\",\"articleSection\":[\"Shows\"],\"inLanguage\":\"pt-BR\"},{\"@type\":\"WebPage\",\"@id\":\"https:\/\/sanguefrioproducoes.com\/wordpress\/2026\/03\/12\/metallstein-o-caos-do-death-thrash-metal-invade-o-projeto-o-som-do-meu-rabisco-em-cubatao-sp-neste-domingo-15\/\",\"url\":\"https:\/\/sanguefrioproducoes.com\/wordpress\/2026\/03\/12\/metallstein-o-caos-do-death-thrash-metal-invade-o-projeto-o-som-do-meu-rabisco-em-cubatao-sp-neste-domingo-15\/\",\"name\":\"METALLSTEIN: O Caos do Death\/Thrash Metal invade o projeto \u2018O Som Do Meu Rabisco\u2019 em Cubat\u00e3o\/SP neste domingo (15) - Sangue Frio Produ\u00e7\u00f5es\",\"isPartOf\":{\"@id\":\"https:\/\/sanguefrioproducoes.com\/wordpress\/#website\"},\"primaryImageOfPage\":{\"@id\":\"https:\/\/sanguefrioproducoes.com\/wordpress\/2026\/03\/12\/metallstein-o-caos-do-death-thrash-metal-invade-o-projeto-o-som-do-meu-rabisco-em-cubatao-sp-neste-domingo-15\/#primaryimage\"},\"image\":{\"@id\":\"https:\/\/sanguefrioproducoes.com\/wordpress\/2026\/03\/12\/metallstein-o-caos-do-death-thrash-metal-invade-o-projeto-o-som-do-meu-rabisco-em-cubatao-sp-neste-domingo-15\/#primaryimage\"},\"thumbnailUrl\":\"https:\/\/sanguefrioproducoes.com\/wordpress\/wp-content\/uploads\/2026\/03\/METALLSTEIN_O_Som_Do_Meu_Rabisco.jpg\",\"datePublished\":\"2026-03-12T12:46:35+00:00\",\"dateModified\":\"2026-03-12T12:46:35+00:00\",\"breadcrumb\":{\"@id\":\"https:\/\/sanguefrioproducoes.com\/wordpress\/2026\/03\/12\/metallstein-o-caos-do-death-thrash-metal-invade-o-projeto-o-som-do-meu-rabisco-em-cubatao-sp-neste-domingo-15\/#breadcrumb\"},\"inLanguage\":\"pt-BR\",\"potentialAction\":[{\"@type\":\"ReadAction\",\"target\":[\"https:\/\/sanguefrioproducoes.com\/wordpress\/2026\/03\/12\/metallstein-o-caos-do-death-thrash-metal-invade-o-projeto-o-som-do-meu-rabisco-em-cubatao-sp-neste-domingo-15\/\"]}]},{\"@type\":\"ImageObject\",\"inLanguage\":\"pt-BR\",\"@id\":\"https:\/\/sanguefrioproducoes.com\/wordpress\/2026\/03\/12\/metallstein-o-caos-do-death-thrash-metal-invade-o-projeto-o-som-do-meu-rabisco-em-cubatao-sp-neste-domingo-15\/#primaryimage\",\"url\":\"https:\/\/sanguefrioproducoes.com\/wordpress\/wp-content\/uploads\/2026\/03\/METALLSTEIN_O_Som_Do_Meu_Rabisco.jpg\",\"contentUrl\":\"https:\/\/sanguefrioproducoes.com\/wordpress\/wp-content\/uploads\/2026\/03\/METALLSTEIN_O_Som_Do_Meu_Rabisco.jpg\",\"width\":1080,\"height\":1350},{\"@type\":\"BreadcrumbList\",\"@id\":\"https:\/\/sanguefrioproducoes.com\/wordpress\/2026\/03\/12\/metallstein-o-caos-do-death-thrash-metal-invade-o-projeto-o-som-do-meu-rabisco-em-cubatao-sp-neste-domingo-15\/#breadcrumb\",\"itemListElement\":[{\"@type\":\"ListItem\",\"position\":1,\"name\":\"Home\",\"item\":\"https:\/\/sanguefrioproducoes.com\/wordpress\/\"},{\"@type\":\"ListItem\",\"position\":2,\"name\":\"METALLSTEIN: O Caos do Death\/Thrash Metal invade o projeto \u2018O Som Do Meu Rabisco\u2019 em Cubat\u00e3o\/SP neste domingo (15)\"}]},{\"@type\":\"WebSite\",\"@id\":\"https:\/\/sanguefrioproducoes.com\/wordpress\/#website\",\"url\":\"https:\/\/sanguefrioproducoes.com\/wordpress\/\",\"name\":\"Sangue Frio Produ\u00e7\u00f5es\",\"description\":\"Empresa de marketing, assessoria de imprensa e rela\u00e7\u00f5es p\u00fablicas\",\"publisher\":{\"@id\":\"https:\/\/sanguefrioproducoes.com\/wordpress\/#organization\"},\"potentialAction\":[{\"@type\":\"SearchAction\",\"target\":{\"@type\":\"EntryPoint\",\"urlTemplate\":\"https:\/\/sanguefrioproducoes.com\/wordpress\/?s={search_term_string}\"},\"query-input\":{\"@type\":\"PropertyValueSpecification\",\"valueRequired\":true,\"valueName\":\"search_term_string\"}}],\"inLanguage\":\"pt-BR\"},{\"@type\":\"Organization\",\"@id\":\"https:\/\/sanguefrioproducoes.com\/wordpress\/#organization\",\"name\":\"Sangue Frio Produ\u00e7\u00f5es\",\"url\":\"https:\/\/sanguefrioproducoes.com\/wordpress\/\",\"logo\":{\"@type\":\"ImageObject\",\"inLanguage\":\"pt-BR\",\"@id\":\"https:\/\/sanguefrioproducoes.com\/wordpress\/#\/schema\/logo\/image\/\",\"url\":\"https:\/\/sanguefrioproducoes.com\/wordpress\/wp-content\/uploads\/2019\/12\/SANGUE_FRIO_PRODUCOES_Logo_Preto_Sem_Fundo.png\",\"contentUrl\":\"https:\/\/sanguefrioproducoes.com\/wordpress\/wp-content\/uploads\/2019\/12\/SANGUE_FRIO_PRODUCOES_Logo_Preto_Sem_Fundo.png\",\"width\":2096,\"height\":552,\"caption\":\"Sangue Frio Produ\u00e7\u00f5es\"},\"image\":{\"@id\":\"https:\/\/sanguefrioproducoes.com\/wordpress\/#\/schema\/logo\/image\/\"}},{\"@type\":\"Person\",\"@id\":\"https:\/\/sanguefrioproducoes.com\/wordpress\/#\/schema\/person\/b871057d03a45add355db403c4dbffba\",\"name\":\"sanguefrioproducoes\",\"image\":{\"@type\":\"ImageObject\",\"inLanguage\":\"pt-BR\",\"@id\":\"https:\/\/sanguefrioproducoes.com\/wordpress\/#\/schema\/person\/image\/\",\"url\":\"https:\/\/secure.gravatar.com\/avatar\/4d2c039d50166ee03f696824a140af4a?s=96&d=mm&r=g\",\"contentUrl\":\"https:\/\/secure.gravatar.com\/avatar\/4d2c039d50166ee03f696824a140af4a?s=96&d=mm&r=g\",\"caption\":\"sanguefrioproducoes\"},\"url\":\"https:\/\/sanguefrioproducoes.com\/wordpress\/author\/sanguefrioproducoes\/\"}]}<\/script>\n<!-- \/ Yoast SEO plugin. -->","yoast_head_json":{"title":"METALLSTEIN: O Caos do Death\/Thrash Metal invade o projeto \u2018O Som Do Meu Rabisco\u2019 em Cubat\u00e3o\/SP neste domingo (15) - Sangue Frio Produ\u00e7\u00f5es","robots":{"index":"index","follow":"follow","max-snippet":"max-snippet:-1","max-image-preview":"max-image-preview:large","max-video-preview":"max-video-preview:-1"},"canonical":"https:\/\/sanguefrioproducoes.com\/wordpress\/2026\/03\/12\/metallstein-o-caos-do-death-thrash-metal-invade-o-projeto-o-som-do-meu-rabisco-em-cubatao-sp-neste-domingo-15\/","og_locale":"pt_BR","og_type":"article","og_title":"METALLSTEIN: O Caos do Death\/Thrash Metal invade o projeto \u2018O Som Do Meu Rabisco\u2019 em Cubat\u00e3o\/SP neste domingo (15) - Sangue Frio Produ\u00e7\u00f5es","og_description":"O duo santista de Death\/Thrash Metal METALLSTEIN apresenta-se neste domingo, 15 de mar\u00e7o, a partir das 12h, no Galp\u00e3o Cultural em Cubat\u00e3o\/SP. O evento faz parte do projeto sociocultural &#8216;O Som Do Meu Rabisco&#8217; e conta ainda com as bandas A Phoyce e Albano &amp; Canuto Trio, unindo o peso extremo \u00e0 produ\u00e7\u00e3o art\u00edstica local. [&hellip;]","og_url":"https:\/\/sanguefrioproducoes.com\/wordpress\/2026\/03\/12\/metallstein-o-caos-do-death-thrash-metal-invade-o-projeto-o-som-do-meu-rabisco-em-cubatao-sp-neste-domingo-15\/","og_site_name":"Sangue Frio Produ\u00e7\u00f5es","article_published_time":"2026-03-12T12:46:35+00:00","og_image":[{"width":1080,"height":1350,"url":"http:\/\/sanguefrioproducoes.com\/wordpress\/wp-content\/uploads\/2026\/03\/METALLSTEIN_O_Som_Do_Meu_Rabisco.jpg","type":"image\/jpeg"}],"author":"sanguefrioproducoes","twitter_card":"summary_large_image","twitter_misc":{"Escrito por":"sanguefrioproducoes","Est. tempo de leitura":"3 minutos"},"schema":{"@context":"https:\/\/schema.org","@graph":[{"@type":"Article","@id":"https:\/\/sanguefrioproducoes.com\/wordpress\/2026\/03\/12\/metallstein-o-caos-do-death-thrash-metal-invade-o-projeto-o-som-do-meu-rabisco-em-cubatao-sp-neste-domingo-15\/#article","isPartOf":{"@id":"https:\/\/sanguefrioproducoes.com\/wordpress\/2026\/03\/12\/metallstein-o-caos-do-death-thrash-metal-invade-o-projeto-o-som-do-meu-rabisco-em-cubatao-sp-neste-domingo-15\/"},"author":{"name":"sanguefrioproducoes","@id":"https:\/\/sanguefrioproducoes.com\/wordpress\/#\/schema\/person\/b871057d03a45add355db403c4dbffba"},"headline":"METALLSTEIN: O Caos do Death\/Thrash Metal invade o projeto \u2018O Som Do Meu Rabisco\u2019 em Cubat\u00e3o\/SP neste domingo (15)","datePublished":"2026-03-12T12:46:35+00:00","dateModified":"2026-03-12T12:46:35+00:00","mainEntityOfPage":{"@id":"https:\/\/sanguefrioproducoes.com\/wordpress\/2026\/03\/12\/metallstein-o-caos-do-death-thrash-metal-invade-o-projeto-o-som-do-meu-rabisco-em-cubatao-sp-neste-domingo-15\/"},"wordCount":458,"publisher":{"@id":"https:\/\/sanguefrioproducoes.com\/wordpress\/#organization"},"image":{"@id":"https:\/\/sanguefrioproducoes.com\/wordpress\/2026\/03\/12\/metallstein-o-caos-do-death-thrash-metal-invade-o-projeto-o-som-do-meu-rabisco-em-cubatao-sp-neste-domingo-15\/#primaryimage"},"thumbnailUrl":"https:\/\/sanguefrioproducoes.com\/wordpress\/wp-content\/uploads\/2026\/03\/METALLSTEIN_O_Som_Do_Meu_Rabisco.jpg","articleSection":["Shows"],"inLanguage":"pt-BR"},{"@type":"WebPage","@id":"https:\/\/sanguefrioproducoes.com\/wordpress\/2026\/03\/12\/metallstein-o-caos-do-death-thrash-metal-invade-o-projeto-o-som-do-meu-rabisco-em-cubatao-sp-neste-domingo-15\/","url":"https:\/\/sanguefrioproducoes.com\/wordpress\/2026\/03\/12\/metallstein-o-caos-do-death-thrash-metal-invade-o-projeto-o-som-do-meu-rabisco-em-cubatao-sp-neste-domingo-15\/","name":"METALLSTEIN: O Caos do Death\/Thrash Metal invade o projeto \u2018O Som Do Meu Rabisco\u2019 em Cubat\u00e3o\/SP neste domingo (15) - Sangue Frio Produ\u00e7\u00f5es","isPartOf":{"@id":"https:\/\/sanguefrioproducoes.com\/wordpress\/#website"},"primaryImageOfPage":{"@id":"https:\/\/sanguefrioproducoes.com\/wordpress\/2026\/03\/12\/metallstein-o-caos-do-death-thrash-metal-invade-o-projeto-o-som-do-meu-rabisco-em-cubatao-sp-neste-domingo-15\/#primaryimage"},"image":{"@id":"https:\/\/sanguefrioproducoes.com\/wordpress\/2026\/03\/12\/metallstein-o-caos-do-death-thrash-metal-invade-o-projeto-o-som-do-meu-rabisco-em-cubatao-sp-neste-domingo-15\/#primaryimage"},"thumbnailUrl":"https:\/\/sanguefrioproducoes.com\/wordpress\/wp-content\/uploads\/2026\/03\/METALLSTEIN_O_Som_Do_Meu_Rabisco.jpg","datePublished":"2026-03-12T12:46:35+00:00","dateModified":"2026-03-12T12:46:35+00:00","breadcrumb":{"@id":"https:\/\/sanguefrioproducoes.com\/wordpress\/2026\/03\/12\/metallstein-o-caos-do-death-thrash-metal-invade-o-projeto-o-som-do-meu-rabisco-em-cubatao-sp-neste-domingo-15\/#breadcrumb"},"inLanguage":"pt-BR","potentialAction":[{"@type":"ReadAction","target":["https:\/\/sanguefrioproducoes.com\/wordpress\/2026\/03\/12\/metallstein-o-caos-do-death-thrash-metal-invade-o-projeto-o-som-do-meu-rabisco-em-cubatao-sp-neste-domingo-15\/"]}]},{"@type":"ImageObject","inLanguage":"pt-BR","@id":"https:\/\/sanguefrioproducoes.com\/wordpress\/2026\/03\/12\/metallstein-o-caos-do-death-thrash-metal-invade-o-projeto-o-som-do-meu-rabisco-em-cubatao-sp-neste-domingo-15\/#primaryimage","url":"https:\/\/sanguefrioproducoes.com\/wordpress\/wp-content\/uploads\/2026\/03\/METALLSTEIN_O_Som_Do_Meu_Rabisco.jpg","contentUrl":"https:\/\/sanguefrioproducoes.com\/wordpress\/wp-content\/uploads\/2026\/03\/METALLSTEIN_O_Som_Do_Meu_Rabisco.jpg","width":1080,"height":1350},{"@type":"BreadcrumbList","@id":"https:\/\/sanguefrioproducoes.com\/wordpress\/2026\/03\/12\/metallstein-o-caos-do-death-thrash-metal-invade-o-projeto-o-som-do-meu-rabisco-em-cubatao-sp-neste-domingo-15\/#breadcrumb","itemListElement":[{"@type":"ListItem","position":1,"name":"Home","item":"https:\/\/sanguefrioproducoes.com\/wordpress\/"},{"@type":"ListItem","position":2,"name":"METALLSTEIN: O Caos do Death\/Thrash Metal invade o projeto \u2018O Som Do Meu Rabisco\u2019 em Cubat\u00e3o\/SP neste domingo (15)"}]},{"@type":"WebSite","@id":"https:\/\/sanguefrioproducoes.com\/wordpress\/#website","url":"https:\/\/sanguefrioproducoes.com\/wordpress\/","name":"Sangue Frio Produ\u00e7\u00f5es","description":"Empresa de marketing, assessoria de imprensa e rela\u00e7\u00f5es p\u00fablicas","publisher":{"@id":"https:\/\/sanguefrioproducoes.com\/wordpress\/#organization"},"potentialAction":[{"@type":"SearchAction","target":{"@type":"EntryPoint","urlTemplate":"https:\/\/sanguefrioproducoes.com\/wordpress\/?s={search_term_string}"},"query-input":{"@type":"PropertyValueSpecification","valueRequired":true,"valueName":"search_term_string"}}],"inLanguage":"pt-BR"},{"@type":"Organization","@id":"https:\/\/sanguefrioproducoes.com\/wordpress\/#organization","name":"Sangue Frio Produ\u00e7\u00f5es","url":"https:\/\/sanguefrioproducoes.com\/wordpress\/","logo":{"@type":"ImageObject","inLanguage":"pt-BR","@id":"https:\/\/sanguefrioproducoes.com\/wordpress\/#\/schema\/logo\/image\/","url":"https:\/\/sanguefrioproducoes.com\/wordpress\/wp-content\/uploads\/2019\/12\/SANGUE_FRIO_PRODUCOES_Logo_Preto_Sem_Fundo.png","contentUrl":"https:\/\/sanguefrioproducoes.com\/wordpress\/wp-content\/uploads\/2019\/12\/SANGUE_FRIO_PRODUCOES_Logo_Preto_Sem_Fundo.png","width":2096,"height":552,"caption":"Sangue Frio Produ\u00e7\u00f5es"},"image":{"@id":"https:\/\/sanguefrioproducoes.com\/wordpress\/#\/schema\/logo\/image\/"}},{"@type":"Person","@id":"https:\/\/sanguefrioproducoes.com\/wordpress\/#\/schema\/person\/b871057d03a45add355db403c4dbffba","name":"sanguefrioproducoes","image":{"@type":"ImageObject","inLanguage":"pt-BR","@id":"https:\/\/sanguefrioproducoes.com\/wordpress\/#\/schema\/person\/image\/","url":"https:\/\/secure.gravatar.com\/avatar\/4d2c039d50166ee03f696824a140af4a?s=96&d=mm&r=g","contentUrl":"https:\/\/secure.gravatar.com\/avatar\/4d2c039d50166ee03f696824a140af4a?s=96&d=mm&r=g","caption":"sanguefrioproducoes"},"url":"https:\/\/sanguefrioproducoes.com\/wordpress\/author\/sanguefrioproducoes\/"}]}},"jetpack_featured_media_url":"https:\/\/sanguefrioproducoes.com\/wordpress\/wp-content\/uploads\/2026\/03\/METALLSTEIN_O_Som_Do_Meu_Rabisco.jpg","jetpack_sharing_enabled":true,"jetpack_likes_enabled":false,"_links":{"self":[{"href":"https:\/\/sanguefrioproducoes.com\/wordpress\/wp-json\/wp\/v2\/posts\/14463"}],"collection":[{"href":"https:\/\/sanguefrioproducoes.com\/wordpress\/wp-json\/wp\/v2\/posts"}],"about":[{"href":"https:\/\/sanguefrioproducoes.com\/wordpress\/wp-json\/wp\/v2\/types\/post"}],"author":[{"embeddable":true,"href":"https:\/\/sanguefrioproducoes.com\/wordpress\/wp-json\/wp\/v2\/users\/1"}],"replies":[{"embeddable":true,"href":"https:\/\/sanguefrioproducoes.com\/wordpress\/wp-json\/wp\/v2\/comments?post=14463"}],"version-history":[{"count":-4,"href":"https:\/\/sanguefrioproducoes.com\/wordpress\/wp-json\/wp\/v2\/posts\/14463\/revisions"}],"wp:featuredmedia":[{"embeddable":true,"href":"https:\/\/sanguefrioproducoes.com\/wordpress\/wp-json\/wp\/v2\/media\/14464"}],"wp:attachment":[{"href":"https:\/\/sanguefrioproducoes.com\/wordpress\/wp-json\/wp\/v2\/media?parent=14463"}],"wp:term":[{"taxonomy":"category","embeddable":true,"href":"https:\/\/sanguefrioproducoes.com\/wordpress\/wp-json\/wp\/v2\/categories?post=14463"},{"taxonomy":"post_tag","embeddable":true,"href":"https:\/\/sanguefrioproducoes.com\/wordpress\/wp-json\/wp\/v2\/tags?post=14463"}],"curies":[{"name":"wp","href":"https:\/\/api.w.org\/{rel}","templated":true}]}}