{"id":14454,"date":"2026-03-11T11:00:11","date_gmt":"2026-03-11T14:00:11","guid":{"rendered":"https:\/\/sanguefrioproducoes.com\/wordpress\/?p=14454"},"modified":"2026-03-11T11:00:11","modified_gmt":"2026-03-11T14:00:11","slug":"sky-in-flames-o-despertar-da-apocalipse-tour-em-santa-catarina-primeiro-show-da-turne-e-anunciado-confira","status":"publish","type":"post","link":"https:\/\/sanguefrioproducoes.com\/wordpress\/2026\/03\/11\/sky-in-flames-o-despertar-da-apocalipse-tour-em-santa-catarina-primeiro-show-da-turne-e-anunciado-confira\/","title":{"rendered":"SKY IN FLAMES: O despertar da \u2018Apocalipse Tour\u2019 em Santa Catarina; primeiro show da turn\u00ea \u00e9 anunciado, confira!"},"content":{"rendered":"<p style=\"text-align: justify;\">A banda ga\u00facha de Death Metal <strong>SKY IN FLAMES<\/strong> inicia sua nova jornada pelos palcos no dia 10 de abril de 2026, com uma apresenta\u00e7\u00e3o avassaladora no <strong>Bar do Castelo<\/strong>, em Porto Belo\/SC, a partir das 20 horas. O evento marca o pontap\u00e9 inicial da <strong>\u2018Apocalipse Tour\u2019<\/strong> e segue a intensa promo\u00e7\u00e3o do atual EP <strong>\u201cThe Funeral Winds\u201d<\/strong>, consolidando ainda mais o nome do grupo no cen\u00e1rio extremo nacional.<\/p>\n<p style=\"text-align: justify;\">O cast da noite ser\u00e1 refor\u00e7ado pela brutalidade dos paulistas do <strong>Ancestral Malediction<\/strong> e pelo peso do <strong>Darkken<\/strong>, prometendo uma celebra\u00e7\u00e3o fidedigna ao Metal da Morte com ingressos acess\u00edveis a R$ 20,00. Unindo t\u00e9cnica e agressividade, o <strong>SKY IN FLAMES<\/strong> projeta um repert\u00f3rio focado na atmosfera sombria de seu \u00faltimo lan\u00e7amento, mas com m\u00fasicas in\u00e9ditas que j\u00e1 est\u00e3o sendo gravadas para seu pr\u00f3ximo EP, garantindo uma experi\u00eancia imersiva para os entusiastas do g\u00eanero. Confira abaixo o cartaz e o servi\u00e7o completo para mais informa\u00e7\u00f5es:<\/p>\n<p style=\"text-align: center;\"><img decoding=\"async\" class=\"aligncenter\" src=\"..\/..\/upload\/imagens\/mediaset\/SKY_IN_FLAMES_Porto_Belo.jpeg\" alt=\"\" width=\"550\" height=\"550\" \/><\/p>\n<ul>\n<li><strong>SERVI\u00c7O:<\/strong><\/li>\n<li><strong>Show: <\/strong>SKY IN FLAMES \u2013 \u2018Apocalipse Tour\u2019 em Porto Belo\/SC<\/li>\n<li><strong>Local:\u00a0<\/strong>Bar do Castelo (<a href=\"https:\/\/www.instagram.com\/bardocasteloportobelo\/\">@bardocasteloportobelo<\/a>)<\/li>\n<li><strong>Endere\u00e7o:\u00a0<\/strong>Rua Arlindo Mangolt \u2013 n\u00ba 50, Perequ\u00ea \u2013 Porto Belo\/SC<\/li>\n<li><strong>Data: <\/strong>10\/04\/2026 (sexta-feira)<\/li>\n<li><strong>Hor\u00e1rio: <\/strong>20 horas<\/li>\n<li><strong>Entrada: <\/strong>R$ 20,00 (na hora)<\/li>\n<li><strong>Organiza\u00e7\u00e3o:<\/strong> <strong><a href=\"https:\/\/www.instagram.com\/metalconversor\/\">@metalconversor<\/a><\/strong><\/li>\n<\/ul>\n<hr \/>\n<p style=\"text-align: justify;\"><strong>SOBRE A &#8216;APOCALIPSE TOUR&#8217;<\/strong><\/p>\n<p style=\"text-align: justify;\">A <strong>&#8216;Apocalipse Tour&#8217;<\/strong> \u00e9 o novo cap\u00edtulo na trajet\u00f3ria do <strong>SKY IN FLAMES<\/strong>, que j\u00e1 confirmou seis datas iniciais entre Rio Grande do Sul e Santa Catarina. Al\u00e9m da estreia em Porto Belo, a turn\u00ea passar\u00e1 \u2014 at\u00e9 o momento \u2014 por Florian\u00f3polis, Porto Alegre, Caxias do Sul, Sapucaia do Sul e Lajeado.<\/p>\n<p style=\"text-align: justify;\">Para acompanhar o cronograma completo e atualiza\u00e7\u00f5es em tempo real, acesse o Instagram oficial da banda aqui: <strong><a href=\"https:\/\/www.instagram.com\/skyinflames\/\" target=\"_blank\" rel=\"noopener\">https:\/\/www.instagram.com\/skyinflames\/<\/a><\/strong><\/p>\n<p style=\"text-align: center;\"><img decoding=\"async\" class=\"aligncenter\" src=\"..\/..\/upload\/imagens\/mediaset\/SKY_IN_FLAMES_Apocalipse_Tour.jpg\" alt=\"\" width=\"550\" height=\"550\" \/><\/p>\n<hr \/>\n<p style=\"text-align: justify;\"><strong>Novo EP a caminho!<\/strong><\/p>\n<p style=\"text-align: justify;\">Conforme supracitado, o\u00a0<strong>SKY IN FLAMES<\/strong>\u00a0divulgar\u00e1 em breve a identidade visual e o t\u00edtulo do seu pr\u00f3ximo lan\u00e7amento. Para acompanhar todas as atualiza\u00e7\u00f5es e garantir o acesso aos novos materiais em primeira m\u00e3o, siga a banda em seus canais oficiais:<\/p>\n<ul>\n<li style=\"text-align: justify;\"><strong>Instagram:<\/strong><a href=\"https:\/\/www.instagram.com\/skyinflames\/\" target=\"_blank\" rel=\"noopener\">https:\/\/www.instagram.com\/skyinflames\/<\/a><\/li>\n<li style=\"text-align: justify;\"><strong>Spotify:<\/strong><a href=\"https:\/\/open.spotify.com\/intl-pt\/artist\/78DWHTz3b9QqlH26Y6OshS\" target=\"_blank\" rel=\"noopener\">https:\/\/open.spotify.com\/intl-pt\/artist\/78DWHTz3b9QqlH26Y6OshS<\/a><\/li>\n<\/ul>\n<p><iframe style=\"border-radius: 12px; display: block; margin-left: auto; margin-right: auto;\" src=\"https:\/\/open.spotify.com\/embed\/artist\/78DWHTz3b9QqlH26Y6OshS?utm_source=generator&amp;theme=0\" width=\"750\" height=\"284\" frameborder=\"0\" allowfullscreen=\"allowfullscreen\" data-testid=\"embed-iframe\"><\/iframe><\/p>\n<hr \/>\n<p style=\"text-align: justify;\"><strong>Ou\u00e7a \u201cThe Funeral Winds\u201d<\/strong><\/p>\n<p style=\"text-align: justify;\">Enquanto o novo EP n\u00e3o \u00e9 lan\u00e7ado, ou\u00e7a <strong>\u201cThe Funeral Winds\u201d<\/strong>\u00a0em sua plataforma de streaming predileta: <strong><a href=\"https:\/\/li.sten.to\/SKY_IN_FLAMES_The_Funeral_Winds\" target=\"_blank\" rel=\"noopener\">https:\/\/li.sten.to\/SKY_IN_FLAMES_The_Funeral_Winds<\/a><\/strong><\/p>\n<p style=\"text-align: center;\"><iframe src=\"https:\/\/li.sten.to\/embed\/SKY_IN_FLAMES_The_Funeral_Winds\" width=\"372\" height=\"550\" frameborder=\"0\"><\/iframe><br \/>\n<a style=\"text-decoration: none; color: #888; font-family: sans-serif; font-size: 0.7em;\" href=\"https:\/\/li.sten.to\">Created with ListenTo &#8211; Free Smart URLs &amp; Pre-Save Links<\/a><\/p>\n<hr \/>\n<p style=\"text-align: justify;\"><strong>Agenda de 2026 e Contrata\u00e7\u00f5es<\/strong><\/p>\n<p style=\"text-align: justify;\">O\u00a0<strong>SKY IN FLAMES<\/strong>\u00a0informa que a agenda para 2026 est\u00e1 oficialmente aberta. Produtores interessados em levar o massacre sonoro do trio ga\u00facho para seus eventos podem entrar em contato atrav\u00e9s dos seguintes canais:<\/p>\n<ul>\n<li style=\"text-align: justify;\"><strong>E-mail:\u00a0<a href=\"mailto:skyinflamesbrazil@gmail.com\">skyinflamesbrazil@gmail.com<\/a><\/strong><\/li>\n<li style=\"text-align: justify;\"><strong>WhatsApp\/Telegram:\u00a0<\/strong><a href=\"https:\/\/api.whatsapp.com\/send?1=pt_BR&amp;phone=5546988387204\"><strong>(46) 98838-7204 (SFP \u2013 Press &amp; PR)<\/strong><\/a><\/li>\n<li style=\"text-align: justify;\"><strong>Instagram:\u00a0<a href=\"https:\/\/www.instagram.com\/skyinflames\">https:\/\/www.instagram.com\/skyinflames<\/a><\/strong><\/li>\n<\/ul>\n<p style=\"text-align: center;\"><img decoding=\"async\" class=\"aligncenter\" src=\"..\/..\/upload\/imagens\/mediaset\/SKY_IN_FLAMES_Parceria.png\" alt=\"\" width=\"550\" height=\"550\" \/><\/p>\n<hr \/>\n<p style=\"text-align: justify;\">Receba essa e outras not\u00edcias em primeira m\u00e3o participando do canal oficial da SFP \u2013 Press &amp; PR no WhatsApp AQUI: <a href=\"https:\/\/bit.ly\/SFPWhatsAppChannel\">https:\/\/bit.ly\/SFPWhatsAppChannel<\/a><\/p>\n<p style=\"text-align: justify;\">Imprensa interessada em receber o material completo da banda para resenhas e\/ou entrevistas escreva para <a href=\"mailto:contato@sanguefrioproducoes.com\">contato@sanguefrioproducoes.com<\/a> ou diretamente pelo <a href=\"https:\/\/api.whatsapp.com\/send?1=pt_BR&amp;phone=5546988387204\">WhatsApp\/Telegram pelo n\u00famero (46) 98838-7204<\/a> e solicite o press kit.<\/p>\n<p style=\"text-align: justify;\"><strong>ASSESSORIA DE IMPRENSA: <\/strong><a href=\"..\/..\/artistas\/SKYINFLAMES\/132\"><strong>SANGUE FRIO PRODU\u00c7\u00d5ES<\/strong><\/a><strong><br \/>\n<\/strong>Contato: <a href=\"http:\/\/www.sanguefrioproducoes.com\/contato\">www.sanguefrioproducoes.com\/contato<\/a><br \/>\nSites relacionados:<br \/>\n<a href=\"https:\/\/www.facebook.com\/share\/15tQk2HAL8\/\">https:\/\/www.facebook.com\/share\/15tQk2HAL8\/<\/a><br \/>\n<a href=\"https:\/\/www.instagram.com\/skyinflames\">https:\/\/www.instagram.com\/skyinflames<\/a><br \/>\n<a href=\"https:\/\/skyinflames.bandcamp.com\/\">https:\/\/skyinflames.bandcamp.com\/<\/a><br \/>\n<a href=\"https:\/\/li.sten.to\/SKYINFLAMES\">https:\/\/li.sten.to\/SKYINFLAMES<\/a><\/p>\n","protected":false},"excerpt":{"rendered":"<p>A banda ga\u00facha de Death Metal SKY IN FLAMES inicia sua nova jornada pelos palcos no dia 10 de abril de 2026, com uma apresenta\u00e7\u00e3o avassaladora no Bar do Castelo, em Porto Belo\/SC, a partir das 20 horas. O evento marca o pontap\u00e9 inicial da \u2018Apocalipse Tour\u2019 e segue a intensa promo\u00e7\u00e3o do atual EP [&hellip;]<\/p>\n","protected":false},"author":1,"featured_media":14455,"comment_status":"closed","ping_status":"open","sticky":false,"template":"","format":"standard","meta":{"_jetpack_memberships_contains_paid_content":false,"footnotes":""},"categories":[33],"tags":[],"class_list":["post-14454","post","type-post","status-publish","format-standard","has-post-thumbnail","hentry","category-shows"],"yoast_head":"<!-- This site is optimized with the Yoast SEO plugin v23.7 - https:\/\/yoast.com\/wordpress\/plugins\/seo\/ -->\n<title>SKY IN FLAMES: O despertar da \u2018Apocalipse Tour\u2019 em Santa Catarina; primeiro show da turn\u00ea \u00e9 anunciado, confira! - Sangue Frio Produ\u00e7\u00f5es<\/title>\n<meta name=\"robots\" content=\"index, follow, max-snippet:-1, max-image-preview:large, max-video-preview:-1\" \/>\n<link rel=\"canonical\" href=\"https:\/\/sanguefrioproducoes.com\/wordpress\/2026\/03\/11\/sky-in-flames-o-despertar-da-apocalipse-tour-em-santa-catarina-primeiro-show-da-turne-e-anunciado-confira\/\" \/>\n<meta property=\"og:locale\" content=\"pt_BR\" \/>\n<meta property=\"og:type\" content=\"article\" \/>\n<meta property=\"og:title\" content=\"SKY IN FLAMES: O despertar da \u2018Apocalipse Tour\u2019 em Santa Catarina; primeiro show da turn\u00ea \u00e9 anunciado, confira! - Sangue Frio Produ\u00e7\u00f5es\" \/>\n<meta property=\"og:description\" content=\"A banda ga\u00facha de Death Metal SKY IN FLAMES inicia sua nova jornada pelos palcos no dia 10 de abril de 2026, com uma apresenta\u00e7\u00e3o avassaladora no Bar do Castelo, em Porto Belo\/SC, a partir das 20 horas. O evento marca o pontap\u00e9 inicial da \u2018Apocalipse Tour\u2019 e segue a intensa promo\u00e7\u00e3o do atual EP [&hellip;]\" \/>\n<meta property=\"og:url\" content=\"https:\/\/sanguefrioproducoes.com\/wordpress\/2026\/03\/11\/sky-in-flames-o-despertar-da-apocalipse-tour-em-santa-catarina-primeiro-show-da-turne-e-anunciado-confira\/\" \/>\n<meta property=\"og:site_name\" content=\"Sangue Frio Produ\u00e7\u00f5es\" \/>\n<meta property=\"article:published_time\" content=\"2026-03-11T14:00:11+00:00\" \/>\n<meta property=\"og:image\" content=\"http:\/\/sanguefrioproducoes.com\/wordpress\/wp-content\/uploads\/2026\/03\/SKY_IN_FLAMES_Porto_Belo.jpeg\" \/>\n\t<meta property=\"og:image:width\" content=\"1440\" \/>\n\t<meta property=\"og:image:height\" content=\"1440\" \/>\n\t<meta property=\"og:image:type\" content=\"image\/jpeg\" \/>\n<meta name=\"author\" content=\"sanguefrioproducoes\" \/>\n<meta name=\"twitter:card\" content=\"summary_large_image\" \/>\n<meta name=\"twitter:label1\" content=\"Escrito por\" \/>\n\t<meta name=\"twitter:data1\" content=\"sanguefrioproducoes\" \/>\n\t<meta name=\"twitter:label2\" content=\"Est. tempo de leitura\" \/>\n\t<meta name=\"twitter:data2\" content=\"4 minutos\" \/>\n<script type=\"application\/ld+json\" class=\"yoast-schema-graph\">{\"@context\":\"https:\/\/schema.org\",\"@graph\":[{\"@type\":\"Article\",\"@id\":\"https:\/\/sanguefrioproducoes.com\/wordpress\/2026\/03\/11\/sky-in-flames-o-despertar-da-apocalipse-tour-em-santa-catarina-primeiro-show-da-turne-e-anunciado-confira\/#article\",\"isPartOf\":{\"@id\":\"https:\/\/sanguefrioproducoes.com\/wordpress\/2026\/03\/11\/sky-in-flames-o-despertar-da-apocalipse-tour-em-santa-catarina-primeiro-show-da-turne-e-anunciado-confira\/\"},\"author\":{\"name\":\"sanguefrioproducoes\",\"@id\":\"https:\/\/sanguefrioproducoes.com\/wordpress\/#\/schema\/person\/b871057d03a45add355db403c4dbffba\"},\"headline\":\"SKY IN FLAMES: O despertar da \u2018Apocalipse Tour\u2019 em Santa Catarina; primeiro show da turn\u00ea \u00e9 anunciado, confira!\",\"datePublished\":\"2026-03-11T14:00:11+00:00\",\"dateModified\":\"2026-03-11T14:00:11+00:00\",\"mainEntityOfPage\":{\"@id\":\"https:\/\/sanguefrioproducoes.com\/wordpress\/2026\/03\/11\/sky-in-flames-o-despertar-da-apocalipse-tour-em-santa-catarina-primeiro-show-da-turne-e-anunciado-confira\/\"},\"wordCount\":568,\"publisher\":{\"@id\":\"https:\/\/sanguefrioproducoes.com\/wordpress\/#organization\"},\"image\":{\"@id\":\"https:\/\/sanguefrioproducoes.com\/wordpress\/2026\/03\/11\/sky-in-flames-o-despertar-da-apocalipse-tour-em-santa-catarina-primeiro-show-da-turne-e-anunciado-confira\/#primaryimage\"},\"thumbnailUrl\":\"https:\/\/sanguefrioproducoes.com\/wordpress\/wp-content\/uploads\/2026\/03\/SKY_IN_FLAMES_Porto_Belo.jpeg\",\"articleSection\":[\"Shows\"],\"inLanguage\":\"pt-BR\"},{\"@type\":\"WebPage\",\"@id\":\"https:\/\/sanguefrioproducoes.com\/wordpress\/2026\/03\/11\/sky-in-flames-o-despertar-da-apocalipse-tour-em-santa-catarina-primeiro-show-da-turne-e-anunciado-confira\/\",\"url\":\"https:\/\/sanguefrioproducoes.com\/wordpress\/2026\/03\/11\/sky-in-flames-o-despertar-da-apocalipse-tour-em-santa-catarina-primeiro-show-da-turne-e-anunciado-confira\/\",\"name\":\"SKY IN FLAMES: O despertar da \u2018Apocalipse Tour\u2019 em Santa Catarina; primeiro show da turn\u00ea \u00e9 anunciado, confira! - Sangue Frio Produ\u00e7\u00f5es\",\"isPartOf\":{\"@id\":\"https:\/\/sanguefrioproducoes.com\/wordpress\/#website\"},\"primaryImageOfPage\":{\"@id\":\"https:\/\/sanguefrioproducoes.com\/wordpress\/2026\/03\/11\/sky-in-flames-o-despertar-da-apocalipse-tour-em-santa-catarina-primeiro-show-da-turne-e-anunciado-confira\/#primaryimage\"},\"image\":{\"@id\":\"https:\/\/sanguefrioproducoes.com\/wordpress\/2026\/03\/11\/sky-in-flames-o-despertar-da-apocalipse-tour-em-santa-catarina-primeiro-show-da-turne-e-anunciado-confira\/#primaryimage\"},\"thumbnailUrl\":\"https:\/\/sanguefrioproducoes.com\/wordpress\/wp-content\/uploads\/2026\/03\/SKY_IN_FLAMES_Porto_Belo.jpeg\",\"datePublished\":\"2026-03-11T14:00:11+00:00\",\"dateModified\":\"2026-03-11T14:00:11+00:00\",\"breadcrumb\":{\"@id\":\"https:\/\/sanguefrioproducoes.com\/wordpress\/2026\/03\/11\/sky-in-flames-o-despertar-da-apocalipse-tour-em-santa-catarina-primeiro-show-da-turne-e-anunciado-confira\/#breadcrumb\"},\"inLanguage\":\"pt-BR\",\"potentialAction\":[{\"@type\":\"ReadAction\",\"target\":[\"https:\/\/sanguefrioproducoes.com\/wordpress\/2026\/03\/11\/sky-in-flames-o-despertar-da-apocalipse-tour-em-santa-catarina-primeiro-show-da-turne-e-anunciado-confira\/\"]}]},{\"@type\":\"ImageObject\",\"inLanguage\":\"pt-BR\",\"@id\":\"https:\/\/sanguefrioproducoes.com\/wordpress\/2026\/03\/11\/sky-in-flames-o-despertar-da-apocalipse-tour-em-santa-catarina-primeiro-show-da-turne-e-anunciado-confira\/#primaryimage\",\"url\":\"https:\/\/sanguefrioproducoes.com\/wordpress\/wp-content\/uploads\/2026\/03\/SKY_IN_FLAMES_Porto_Belo.jpeg\",\"contentUrl\":\"https:\/\/sanguefrioproducoes.com\/wordpress\/wp-content\/uploads\/2026\/03\/SKY_IN_FLAMES_Porto_Belo.jpeg\",\"width\":1440,\"height\":1440},{\"@type\":\"BreadcrumbList\",\"@id\":\"https:\/\/sanguefrioproducoes.com\/wordpress\/2026\/03\/11\/sky-in-flames-o-despertar-da-apocalipse-tour-em-santa-catarina-primeiro-show-da-turne-e-anunciado-confira\/#breadcrumb\",\"itemListElement\":[{\"@type\":\"ListItem\",\"position\":1,\"name\":\"Home\",\"item\":\"https:\/\/sanguefrioproducoes.com\/wordpress\/\"},{\"@type\":\"ListItem\",\"position\":2,\"name\":\"SKY IN FLAMES: O despertar da \u2018Apocalipse Tour\u2019 em Santa Catarina; primeiro show da turn\u00ea \u00e9 anunciado, confira!\"}]},{\"@type\":\"WebSite\",\"@id\":\"https:\/\/sanguefrioproducoes.com\/wordpress\/#website\",\"url\":\"https:\/\/sanguefrioproducoes.com\/wordpress\/\",\"name\":\"Sangue Frio Produ\u00e7\u00f5es\",\"description\":\"Empresa de marketing, assessoria de imprensa e rela\u00e7\u00f5es p\u00fablicas\",\"publisher\":{\"@id\":\"https:\/\/sanguefrioproducoes.com\/wordpress\/#organization\"},\"potentialAction\":[{\"@type\":\"SearchAction\",\"target\":{\"@type\":\"EntryPoint\",\"urlTemplate\":\"https:\/\/sanguefrioproducoes.com\/wordpress\/?s={search_term_string}\"},\"query-input\":{\"@type\":\"PropertyValueSpecification\",\"valueRequired\":true,\"valueName\":\"search_term_string\"}}],\"inLanguage\":\"pt-BR\"},{\"@type\":\"Organization\",\"@id\":\"https:\/\/sanguefrioproducoes.com\/wordpress\/#organization\",\"name\":\"Sangue Frio Produ\u00e7\u00f5es\",\"url\":\"https:\/\/sanguefrioproducoes.com\/wordpress\/\",\"logo\":{\"@type\":\"ImageObject\",\"inLanguage\":\"pt-BR\",\"@id\":\"https:\/\/sanguefrioproducoes.com\/wordpress\/#\/schema\/logo\/image\/\",\"url\":\"https:\/\/sanguefrioproducoes.com\/wordpress\/wp-content\/uploads\/2019\/12\/SANGUE_FRIO_PRODUCOES_Logo_Preto_Sem_Fundo.png\",\"contentUrl\":\"https:\/\/sanguefrioproducoes.com\/wordpress\/wp-content\/uploads\/2019\/12\/SANGUE_FRIO_PRODUCOES_Logo_Preto_Sem_Fundo.png\",\"width\":2096,\"height\":552,\"caption\":\"Sangue Frio Produ\u00e7\u00f5es\"},\"image\":{\"@id\":\"https:\/\/sanguefrioproducoes.com\/wordpress\/#\/schema\/logo\/image\/\"}},{\"@type\":\"Person\",\"@id\":\"https:\/\/sanguefrioproducoes.com\/wordpress\/#\/schema\/person\/b871057d03a45add355db403c4dbffba\",\"name\":\"sanguefrioproducoes\",\"image\":{\"@type\":\"ImageObject\",\"inLanguage\":\"pt-BR\",\"@id\":\"https:\/\/sanguefrioproducoes.com\/wordpress\/#\/schema\/person\/image\/\",\"url\":\"https:\/\/secure.gravatar.com\/avatar\/4d2c039d50166ee03f696824a140af4a?s=96&d=mm&r=g\",\"contentUrl\":\"https:\/\/secure.gravatar.com\/avatar\/4d2c039d50166ee03f696824a140af4a?s=96&d=mm&r=g\",\"caption\":\"sanguefrioproducoes\"},\"url\":\"https:\/\/sanguefrioproducoes.com\/wordpress\/author\/sanguefrioproducoes\/\"}]}<\/script>\n<!-- \/ Yoast SEO plugin. -->","yoast_head_json":{"title":"SKY IN FLAMES: O despertar da \u2018Apocalipse Tour\u2019 em Santa Catarina; primeiro show da turn\u00ea \u00e9 anunciado, confira! - Sangue Frio Produ\u00e7\u00f5es","robots":{"index":"index","follow":"follow","max-snippet":"max-snippet:-1","max-image-preview":"max-image-preview:large","max-video-preview":"max-video-preview:-1"},"canonical":"https:\/\/sanguefrioproducoes.com\/wordpress\/2026\/03\/11\/sky-in-flames-o-despertar-da-apocalipse-tour-em-santa-catarina-primeiro-show-da-turne-e-anunciado-confira\/","og_locale":"pt_BR","og_type":"article","og_title":"SKY IN FLAMES: O despertar da \u2018Apocalipse Tour\u2019 em Santa Catarina; primeiro show da turn\u00ea \u00e9 anunciado, confira! - Sangue Frio Produ\u00e7\u00f5es","og_description":"A banda ga\u00facha de Death Metal SKY IN FLAMES inicia sua nova jornada pelos palcos no dia 10 de abril de 2026, com uma apresenta\u00e7\u00e3o avassaladora no Bar do Castelo, em Porto Belo\/SC, a partir das 20 horas. O evento marca o pontap\u00e9 inicial da \u2018Apocalipse Tour\u2019 e segue a intensa promo\u00e7\u00e3o do atual EP [&hellip;]","og_url":"https:\/\/sanguefrioproducoes.com\/wordpress\/2026\/03\/11\/sky-in-flames-o-despertar-da-apocalipse-tour-em-santa-catarina-primeiro-show-da-turne-e-anunciado-confira\/","og_site_name":"Sangue Frio Produ\u00e7\u00f5es","article_published_time":"2026-03-11T14:00:11+00:00","og_image":[{"width":1440,"height":1440,"url":"http:\/\/sanguefrioproducoes.com\/wordpress\/wp-content\/uploads\/2026\/03\/SKY_IN_FLAMES_Porto_Belo.jpeg","type":"image\/jpeg"}],"author":"sanguefrioproducoes","twitter_card":"summary_large_image","twitter_misc":{"Escrito por":"sanguefrioproducoes","Est. tempo de leitura":"4 minutos"},"schema":{"@context":"https:\/\/schema.org","@graph":[{"@type":"Article","@id":"https:\/\/sanguefrioproducoes.com\/wordpress\/2026\/03\/11\/sky-in-flames-o-despertar-da-apocalipse-tour-em-santa-catarina-primeiro-show-da-turne-e-anunciado-confira\/#article","isPartOf":{"@id":"https:\/\/sanguefrioproducoes.com\/wordpress\/2026\/03\/11\/sky-in-flames-o-despertar-da-apocalipse-tour-em-santa-catarina-primeiro-show-da-turne-e-anunciado-confira\/"},"author":{"name":"sanguefrioproducoes","@id":"https:\/\/sanguefrioproducoes.com\/wordpress\/#\/schema\/person\/b871057d03a45add355db403c4dbffba"},"headline":"SKY IN FLAMES: O despertar da \u2018Apocalipse Tour\u2019 em Santa Catarina; primeiro show da turn\u00ea \u00e9 anunciado, confira!","datePublished":"2026-03-11T14:00:11+00:00","dateModified":"2026-03-11T14:00:11+00:00","mainEntityOfPage":{"@id":"https:\/\/sanguefrioproducoes.com\/wordpress\/2026\/03\/11\/sky-in-flames-o-despertar-da-apocalipse-tour-em-santa-catarina-primeiro-show-da-turne-e-anunciado-confira\/"},"wordCount":568,"publisher":{"@id":"https:\/\/sanguefrioproducoes.com\/wordpress\/#organization"},"image":{"@id":"https:\/\/sanguefrioproducoes.com\/wordpress\/2026\/03\/11\/sky-in-flames-o-despertar-da-apocalipse-tour-em-santa-catarina-primeiro-show-da-turne-e-anunciado-confira\/#primaryimage"},"thumbnailUrl":"https:\/\/sanguefrioproducoes.com\/wordpress\/wp-content\/uploads\/2026\/03\/SKY_IN_FLAMES_Porto_Belo.jpeg","articleSection":["Shows"],"inLanguage":"pt-BR"},{"@type":"WebPage","@id":"https:\/\/sanguefrioproducoes.com\/wordpress\/2026\/03\/11\/sky-in-flames-o-despertar-da-apocalipse-tour-em-santa-catarina-primeiro-show-da-turne-e-anunciado-confira\/","url":"https:\/\/sanguefrioproducoes.com\/wordpress\/2026\/03\/11\/sky-in-flames-o-despertar-da-apocalipse-tour-em-santa-catarina-primeiro-show-da-turne-e-anunciado-confira\/","name":"SKY IN FLAMES: O despertar da \u2018Apocalipse Tour\u2019 em Santa Catarina; primeiro show da turn\u00ea \u00e9 anunciado, confira! - Sangue Frio Produ\u00e7\u00f5es","isPartOf":{"@id":"https:\/\/sanguefrioproducoes.com\/wordpress\/#website"},"primaryImageOfPage":{"@id":"https:\/\/sanguefrioproducoes.com\/wordpress\/2026\/03\/11\/sky-in-flames-o-despertar-da-apocalipse-tour-em-santa-catarina-primeiro-show-da-turne-e-anunciado-confira\/#primaryimage"},"image":{"@id":"https:\/\/sanguefrioproducoes.com\/wordpress\/2026\/03\/11\/sky-in-flames-o-despertar-da-apocalipse-tour-em-santa-catarina-primeiro-show-da-turne-e-anunciado-confira\/#primaryimage"},"thumbnailUrl":"https:\/\/sanguefrioproducoes.com\/wordpress\/wp-content\/uploads\/2026\/03\/SKY_IN_FLAMES_Porto_Belo.jpeg","datePublished":"2026-03-11T14:00:11+00:00","dateModified":"2026-03-11T14:00:11+00:00","breadcrumb":{"@id":"https:\/\/sanguefrioproducoes.com\/wordpress\/2026\/03\/11\/sky-in-flames-o-despertar-da-apocalipse-tour-em-santa-catarina-primeiro-show-da-turne-e-anunciado-confira\/#breadcrumb"},"inLanguage":"pt-BR","potentialAction":[{"@type":"ReadAction","target":["https:\/\/sanguefrioproducoes.com\/wordpress\/2026\/03\/11\/sky-in-flames-o-despertar-da-apocalipse-tour-em-santa-catarina-primeiro-show-da-turne-e-anunciado-confira\/"]}]},{"@type":"ImageObject","inLanguage":"pt-BR","@id":"https:\/\/sanguefrioproducoes.com\/wordpress\/2026\/03\/11\/sky-in-flames-o-despertar-da-apocalipse-tour-em-santa-catarina-primeiro-show-da-turne-e-anunciado-confira\/#primaryimage","url":"https:\/\/sanguefrioproducoes.com\/wordpress\/wp-content\/uploads\/2026\/03\/SKY_IN_FLAMES_Porto_Belo.jpeg","contentUrl":"https:\/\/sanguefrioproducoes.com\/wordpress\/wp-content\/uploads\/2026\/03\/SKY_IN_FLAMES_Porto_Belo.jpeg","width":1440,"height":1440},{"@type":"BreadcrumbList","@id":"https:\/\/sanguefrioproducoes.com\/wordpress\/2026\/03\/11\/sky-in-flames-o-despertar-da-apocalipse-tour-em-santa-catarina-primeiro-show-da-turne-e-anunciado-confira\/#breadcrumb","itemListElement":[{"@type":"ListItem","position":1,"name":"Home","item":"https:\/\/sanguefrioproducoes.com\/wordpress\/"},{"@type":"ListItem","position":2,"name":"SKY IN FLAMES: O despertar da \u2018Apocalipse Tour\u2019 em Santa Catarina; primeiro show da turn\u00ea \u00e9 anunciado, confira!"}]},{"@type":"WebSite","@id":"https:\/\/sanguefrioproducoes.com\/wordpress\/#website","url":"https:\/\/sanguefrioproducoes.com\/wordpress\/","name":"Sangue Frio Produ\u00e7\u00f5es","description":"Empresa de marketing, assessoria de imprensa e rela\u00e7\u00f5es p\u00fablicas","publisher":{"@id":"https:\/\/sanguefrioproducoes.com\/wordpress\/#organization"},"potentialAction":[{"@type":"SearchAction","target":{"@type":"EntryPoint","urlTemplate":"https:\/\/sanguefrioproducoes.com\/wordpress\/?s={search_term_string}"},"query-input":{"@type":"PropertyValueSpecification","valueRequired":true,"valueName":"search_term_string"}}],"inLanguage":"pt-BR"},{"@type":"Organization","@id":"https:\/\/sanguefrioproducoes.com\/wordpress\/#organization","name":"Sangue Frio Produ\u00e7\u00f5es","url":"https:\/\/sanguefrioproducoes.com\/wordpress\/","logo":{"@type":"ImageObject","inLanguage":"pt-BR","@id":"https:\/\/sanguefrioproducoes.com\/wordpress\/#\/schema\/logo\/image\/","url":"https:\/\/sanguefrioproducoes.com\/wordpress\/wp-content\/uploads\/2019\/12\/SANGUE_FRIO_PRODUCOES_Logo_Preto_Sem_Fundo.png","contentUrl":"https:\/\/sanguefrioproducoes.com\/wordpress\/wp-content\/uploads\/2019\/12\/SANGUE_FRIO_PRODUCOES_Logo_Preto_Sem_Fundo.png","width":2096,"height":552,"caption":"Sangue Frio Produ\u00e7\u00f5es"},"image":{"@id":"https:\/\/sanguefrioproducoes.com\/wordpress\/#\/schema\/logo\/image\/"}},{"@type":"Person","@id":"https:\/\/sanguefrioproducoes.com\/wordpress\/#\/schema\/person\/b871057d03a45add355db403c4dbffba","name":"sanguefrioproducoes","image":{"@type":"ImageObject","inLanguage":"pt-BR","@id":"https:\/\/sanguefrioproducoes.com\/wordpress\/#\/schema\/person\/image\/","url":"https:\/\/secure.gravatar.com\/avatar\/4d2c039d50166ee03f696824a140af4a?s=96&d=mm&r=g","contentUrl":"https:\/\/secure.gravatar.com\/avatar\/4d2c039d50166ee03f696824a140af4a?s=96&d=mm&r=g","caption":"sanguefrioproducoes"},"url":"https:\/\/sanguefrioproducoes.com\/wordpress\/author\/sanguefrioproducoes\/"}]}},"jetpack_featured_media_url":"https:\/\/sanguefrioproducoes.com\/wordpress\/wp-content\/uploads\/2026\/03\/SKY_IN_FLAMES_Porto_Belo.jpeg","jetpack_sharing_enabled":true,"jetpack_likes_enabled":false,"_links":{"self":[{"href":"https:\/\/sanguefrioproducoes.com\/wordpress\/wp-json\/wp\/v2\/posts\/14454"}],"collection":[{"href":"https:\/\/sanguefrioproducoes.com\/wordpress\/wp-json\/wp\/v2\/posts"}],"about":[{"href":"https:\/\/sanguefrioproducoes.com\/wordpress\/wp-json\/wp\/v2\/types\/post"}],"author":[{"embeddable":true,"href":"https:\/\/sanguefrioproducoes.com\/wordpress\/wp-json\/wp\/v2\/users\/1"}],"replies":[{"embeddable":true,"href":"https:\/\/sanguefrioproducoes.com\/wordpress\/wp-json\/wp\/v2\/comments?post=14454"}],"version-history":[{"count":-4,"href":"https:\/\/sanguefrioproducoes.com\/wordpress\/wp-json\/wp\/v2\/posts\/14454\/revisions"}],"wp:featuredmedia":[{"embeddable":true,"href":"https:\/\/sanguefrioproducoes.com\/wordpress\/wp-json\/wp\/v2\/media\/14455"}],"wp:attachment":[{"href":"https:\/\/sanguefrioproducoes.com\/wordpress\/wp-json\/wp\/v2\/media?parent=14454"}],"wp:term":[{"taxonomy":"category","embeddable":true,"href":"https:\/\/sanguefrioproducoes.com\/wordpress\/wp-json\/wp\/v2\/categories?post=14454"},{"taxonomy":"post_tag","embeddable":true,"href":"https:\/\/sanguefrioproducoes.com\/wordpress\/wp-json\/wp\/v2\/tags?post=14454"}],"curies":[{"name":"wp","href":"https:\/\/api.w.org\/{rel}","templated":true}]}}