{"id":14391,"date":"2026-02-27T14:49:25","date_gmt":"2026-02-27T17:49:25","guid":{"rendered":"https:\/\/sanguefrioproducoes.com\/wordpress\/?p=14391"},"modified":"2026-02-27T14:49:25","modified_gmt":"2026-02-27T17:49:25","slug":"odiado-groove-metal-goiano-e-confirmado-como-a-forca-bruta-no-festival-zona-goth","status":"publish","type":"post","link":"https:\/\/sanguefrioproducoes.com\/wordpress\/2026\/02\/27\/odiado-groove-metal-goiano-e-confirmado-como-a-forca-bruta-no-festival-zona-goth\/","title":{"rendered":"ODIADO: Groove Metal goiano \u00e9 confirmado como a \u2018for\u00e7a bruta\u2019 no festival &#8216;Zona Goth&#8217;"},"content":{"rendered":"<p style=\"text-align: justify;\">O festival &#8216;Zona Goth&#8217; incendeia Goi\u00e2nia\/GO no dia 06 de mar\u00e7o de 2026, no <strong>Jupiter 9<\/strong>, unindo o peso avassalador do <strong>ODIADO<\/strong> \u00e0s performances de <strong>Amados Mortos<\/strong> e <strong>Electrical Storm<\/strong>. O evento, que tem in\u00edcio \u00e0s 20h, promete uma imers\u00e3o sonora no Setor Sul, contando ainda com discotecagem de <strong>Seven Anne<\/strong> &amp; <strong>\u00c1llex Ramone<\/strong>, al\u00e9m de karaok\u00ea p\u00f3s-shows.<\/p>\n<p style=\"text-align: justify;\"><strong>O peso do EP &#8220;Cortante&#8221;<\/strong><\/p>\n<p style=\"text-align: justify;\">Consolidando sua posi\u00e7\u00e3o no cen\u00e1rio regional, o quarteto leva ao palco o repert\u00f3rio de seu atual EP, <strong>&#8220;Cortante&#8221;<\/strong>, trabalho que define a identidade agressiva e t\u00e9cnica do grupo. A produ\u00e7\u00e3o, assinada pela <strong>Zona Produtora<\/strong>, refor\u00e7a a circula\u00e7\u00e3o da m\u00fasica pesada autoral no Centro-Oeste atrav\u00e9s de uma curadoria que une diferentes vertentes do underground.<\/p>\n<p style=\"text-align: justify;\"><strong>Servi\u00e7o e Ingressos<\/strong><\/p>\n<p style=\"text-align: justify;\">N\u00e3o perca a oportunidade de presenciar este massacre sonoro. Garanta seu ingresso antecipado e confira o cartaz oficial para mais detalhes sobre a localiza\u00e7\u00e3o e hor\u00e1rios:<\/p>\n<p style=\"text-align: center;\"><img decoding=\"async\" class=\"aligncenter\" src=\"..\/..\/upload\/imagens\/mediaset\/ODIADO_Zona_Goth.jpeg\" alt=\"\" width=\"550\" height=\"688\" \/><\/p>\n<ul>\n<li><strong>SERVI\u00c7O:<\/strong><\/li>\n<li><strong>Show:\u00a0<\/strong>ODIADO no festival \u2018Zona Goth\u2019<\/li>\n<li><strong>Local:\u00a0<\/strong>Jupiter 9 (<strong><a href=\"https:\/\/www.instagram.com\/jupiter9bar\/\" target=\"_blank\" rel=\"noopener\">@jupiter9bar<\/a><\/strong>)<\/li>\n<li><strong>Endere\u00e7o:\u00a0<\/strong>Rua 83, 471, St. Sul \u2013 Goi\u00e2nia\/GO<\/li>\n<li><strong>Data:\u00a0<\/strong>06 de mar\u00e7o de 2026 (Sexta-feira)<\/li>\n<li><strong>Hor\u00e1rio:\u00a0<\/strong>A partir das 20h<\/li>\n<li><strong>Entrada:\u00a0<\/strong>Promocional: R$ 10,00 | 1\u00ba Lote: R$ 15,00 | 2\u00ba Lote: R$ 20,00 | Portaria: R$ 30,00<\/li>\n<li><strong>Ingressos online:\u00a0<a href=\"https:\/\/shotgun.live\/pt-br\/events\/zona-goth-amados-mortos-electrical-storm-odiado\" target=\"_blank\" rel=\"noopener\">https:\/\/shotgun.live\/pt-br\/events\/zona-goth-amados-mortos-electrical-storm-odiado<\/a> <\/strong><\/li>\n<li><strong>Organiza\u00e7\u00e3o:\u00a0<a href=\"https:\/\/www.instagram.com\/produtorazona\/\" target=\"_blank\" rel=\"noopener\">@produtorazona<\/a><\/strong><\/li>\n<\/ul>\n<hr \/>\n<p style=\"text-align: justify;\"><strong>Agressividade T\u00e9cnica e Consolida\u00e7\u00e3o<\/strong><\/p>\n<p style=\"text-align: justify;\">Com seis faixas de puro impacto, o EP\u00a0<strong>\u201cCortante\u201d<\/strong>\u00a0consolidou o\u00a0<strong>ODIADO<\/strong>\u00a0como uma das pot\u00eancias emergentes do estilo no Brasil. O equil\u00edbrio entre t\u00e9cnica apurada e f\u00faria sonora garantiu ao grupo uma base s\u00f3lida de ouvintes e diversas cr\u00edticas positivas na imprensa especializada. Ou\u00e7a agora: <strong><a href=\"https:\/\/li.sten.to\/ODIADO_Cortante\" target=\"_blank\" rel=\"noopener\">https:\/\/li.sten.to\/ODIADO_Cortante<\/a><\/strong><\/p>\n<p style=\"text-align: center;\"><iframe src=\"https:\/\/li.sten.to\/embed\/ODIADO_Cortante\" width=\"372\" height=\"550\" frameborder=\"0\"><\/iframe><br \/>\n<a style=\"text-decoration: none; color: #888; font-family: sans-serif; font-size: 0.7em;\" href=\"https:\/\/li.sten.to\">Created with ListenTo &#8211; Free Smart URLs &amp; Pre-Save Links<\/a><\/p>\n<hr \/>\n<p style=\"text-align: justify;\"><strong>Agenda e Booking para 2026<\/strong><\/p>\n<p style=\"text-align: justify;\">O\u00a0<strong>ODIADO<\/strong>\u00a0segue com o calend\u00e1rio de 2026 aberto para novos ataques. Produtores interessados em levar a energia brutal do grupo para seus palcos podem entrar em contato com a equipe de booking:<\/p>\n<ul>\n<li style=\"text-align: justify;\"><strong>E-mail:<\/strong><a href=\"mailto:wargkv8@gmail.com\">wargkv8@gmail.com<\/a><\/li>\n<li style=\"text-align: justify;\"><strong>WhatsApp\/Telegram:<\/strong>(46) 98838-7204 (<strong>SFP \u2013 Press &amp; PR<\/strong>)<\/li>\n<li style=\"text-align: justify;\"><strong>Instagram:<\/strong><a href=\"https:\/\/www.instagram.com\/odiadooficial\/\" target=\"_blank\" rel=\"noopener\">https:\/\/www.instagram.com\/odiadooficial\/<\/a><\/li>\n<\/ul>\n<p style=\"text-align: center;\"><img decoding=\"async\" class=\"aligncenter\" src=\"..\/..\/upload\/imagens\/mediaset\/ODIADO_Post_Anuncio.png\" alt=\"\" width=\"550\" height=\"550\" \/><\/p>\n<hr \/>\n<p style=\"text-align: justify;\">Receba essa e outras not\u00edcias em primeira m\u00e3o participando do canal oficial da SFP \u2013 Press &amp; PR no WhatsApp AQUI: <a href=\"https:\/\/bit.ly\/SFPWhatsAppChannel\">https:\/\/bit.ly\/SFPWhatsAppChannel<\/a><\/p>\n<p style=\"text-align: justify;\">Imprensa interessada em receber o material completo da banda para resenhas e\/ou entrevistas escreva para <a href=\"mailto:contato@sanguefrioproducoes.com\">contato@sanguefrioproducoes.com<\/a> ou diretamente pelo <a href=\"https:\/\/api.whatsapp.com\/send?1=pt_BR&amp;phone=5546988387204\">WhatsApp\/Telegram pelo n\u00famero (46) 98838-7204<\/a> e solicite o press kit.<\/p>\n<p style=\"text-align: justify;\"><strong>ASSESSORIA DE IMPRENSA: <\/strong><a href=\"..\/..\/artistas\/ODIADO\/130\"><strong>SANGUE FRIO PRODU\u00c7\u00d5ES<\/strong><\/a><strong><br \/>\n<\/strong>Contato: <a href=\"http:\/\/www.sanguefrioproducoes.com\/contato\">www.sanguefrioproducoes.com\/contato<\/a><br \/>\nSites relacionados:<br \/>\n<a href=\"https:\/\/www.instagram.com\/odiadooficial\/\">https:\/\/www.instagram.com\/odiadooficial\/<\/a><br \/>\n<a href=\"https:\/\/www.youtube.com\/@OdiadOoficial\">https:\/\/www.youtube.com\/@OdiadOoficial<\/a><br \/>\n<a href=\"https:\/\/li.sten.to\/ODIADO\">https:\/\/li.sten.to\/ODIADO<\/a><\/p>\n","protected":false},"excerpt":{"rendered":"<p>O festival &#8216;Zona Goth&#8217; incendeia Goi\u00e2nia\/GO no dia 06 de mar\u00e7o de 2026, no Jupiter 9, unindo o peso avassalador do ODIADO \u00e0s performances de Amados Mortos e Electrical Storm. O evento, que tem in\u00edcio \u00e0s 20h, promete uma imers\u00e3o sonora no Setor Sul, contando ainda com discotecagem de Seven Anne &amp; \u00c1llex Ramone, al\u00e9m [&hellip;]<\/p>\n","protected":false},"author":1,"featured_media":14393,"comment_status":"closed","ping_status":"open","sticky":false,"template":"","format":"standard","meta":{"_jetpack_memberships_contains_paid_content":false,"footnotes":""},"categories":[33],"tags":[],"class_list":["post-14391","post","type-post","status-publish","format-standard","has-post-thumbnail","hentry","category-shows"],"yoast_head":"<!-- This site is optimized with the Yoast SEO plugin v23.7 - https:\/\/yoast.com\/wordpress\/plugins\/seo\/ -->\n<title>ODIADO: Groove Metal goiano \u00e9 confirmado como a \u2018for\u00e7a bruta\u2019 no festival &#039;Zona Goth&#039; - Sangue Frio Produ\u00e7\u00f5es<\/title>\n<meta name=\"robots\" content=\"index, follow, max-snippet:-1, max-image-preview:large, max-video-preview:-1\" \/>\n<link rel=\"canonical\" href=\"https:\/\/sanguefrioproducoes.com\/wordpress\/2026\/02\/27\/odiado-groove-metal-goiano-e-confirmado-como-a-forca-bruta-no-festival-zona-goth\/\" \/>\n<meta property=\"og:locale\" content=\"pt_BR\" \/>\n<meta property=\"og:type\" content=\"article\" \/>\n<meta property=\"og:title\" content=\"ODIADO: Groove Metal goiano \u00e9 confirmado como a \u2018for\u00e7a bruta\u2019 no festival &#039;Zona Goth&#039; - Sangue Frio Produ\u00e7\u00f5es\" \/>\n<meta property=\"og:description\" content=\"O festival &#8216;Zona Goth&#8217; incendeia Goi\u00e2nia\/GO no dia 06 de mar\u00e7o de 2026, no Jupiter 9, unindo o peso avassalador do ODIADO \u00e0s performances de Amados Mortos e Electrical Storm. O evento, que tem in\u00edcio \u00e0s 20h, promete uma imers\u00e3o sonora no Setor Sul, contando ainda com discotecagem de Seven Anne &amp; \u00c1llex Ramone, al\u00e9m [&hellip;]\" \/>\n<meta property=\"og:url\" content=\"https:\/\/sanguefrioproducoes.com\/wordpress\/2026\/02\/27\/odiado-groove-metal-goiano-e-confirmado-como-a-forca-bruta-no-festival-zona-goth\/\" \/>\n<meta property=\"og:site_name\" content=\"Sangue Frio Produ\u00e7\u00f5es\" \/>\n<meta property=\"article:published_time\" content=\"2026-02-27T17:49:25+00:00\" \/>\n<meta property=\"og:image\" content=\"http:\/\/sanguefrioproducoes.com\/wordpress\/wp-content\/uploads\/2026\/02\/ODIADO_Zona_Goth.jpeg\" \/>\n\t<meta property=\"og:image:width\" content=\"2048\" \/>\n\t<meta property=\"og:image:height\" content=\"2560\" \/>\n\t<meta property=\"og:image:type\" content=\"image\/jpeg\" \/>\n<meta name=\"author\" content=\"sanguefrioproducoes\" \/>\n<meta name=\"twitter:card\" content=\"summary_large_image\" \/>\n<meta name=\"twitter:label1\" content=\"Escrito por\" \/>\n\t<meta name=\"twitter:data1\" content=\"sanguefrioproducoes\" \/>\n\t<meta name=\"twitter:label2\" content=\"Est. tempo de leitura\" \/>\n\t<meta name=\"twitter:data2\" content=\"3 minutos\" \/>\n<script type=\"application\/ld+json\" class=\"yoast-schema-graph\">{\"@context\":\"https:\/\/schema.org\",\"@graph\":[{\"@type\":\"Article\",\"@id\":\"https:\/\/sanguefrioproducoes.com\/wordpress\/2026\/02\/27\/odiado-groove-metal-goiano-e-confirmado-como-a-forca-bruta-no-festival-zona-goth\/#article\",\"isPartOf\":{\"@id\":\"https:\/\/sanguefrioproducoes.com\/wordpress\/2026\/02\/27\/odiado-groove-metal-goiano-e-confirmado-como-a-forca-bruta-no-festival-zona-goth\/\"},\"author\":{\"name\":\"sanguefrioproducoes\",\"@id\":\"https:\/\/sanguefrioproducoes.com\/wordpress\/#\/schema\/person\/b871057d03a45add355db403c4dbffba\"},\"headline\":\"ODIADO: Groove Metal goiano \u00e9 confirmado como a \u2018for\u00e7a bruta\u2019 no festival &#8216;Zona Goth&#8217;\",\"datePublished\":\"2026-02-27T17:49:25+00:00\",\"dateModified\":\"2026-02-27T17:49:25+00:00\",\"mainEntityOfPage\":{\"@id\":\"https:\/\/sanguefrioproducoes.com\/wordpress\/2026\/02\/27\/odiado-groove-metal-goiano-e-confirmado-como-a-forca-bruta-no-festival-zona-goth\/\"},\"wordCount\":445,\"publisher\":{\"@id\":\"https:\/\/sanguefrioproducoes.com\/wordpress\/#organization\"},\"image\":{\"@id\":\"https:\/\/sanguefrioproducoes.com\/wordpress\/2026\/02\/27\/odiado-groove-metal-goiano-e-confirmado-como-a-forca-bruta-no-festival-zona-goth\/#primaryimage\"},\"thumbnailUrl\":\"https:\/\/sanguefrioproducoes.com\/wordpress\/wp-content\/uploads\/2026\/02\/ODIADO_Zona_Goth.jpeg\",\"articleSection\":[\"Shows\"],\"inLanguage\":\"pt-BR\"},{\"@type\":\"WebPage\",\"@id\":\"https:\/\/sanguefrioproducoes.com\/wordpress\/2026\/02\/27\/odiado-groove-metal-goiano-e-confirmado-como-a-forca-bruta-no-festival-zona-goth\/\",\"url\":\"https:\/\/sanguefrioproducoes.com\/wordpress\/2026\/02\/27\/odiado-groove-metal-goiano-e-confirmado-como-a-forca-bruta-no-festival-zona-goth\/\",\"name\":\"ODIADO: Groove Metal goiano \u00e9 confirmado como a \u2018for\u00e7a bruta\u2019 no festival 'Zona Goth' - Sangue Frio Produ\u00e7\u00f5es\",\"isPartOf\":{\"@id\":\"https:\/\/sanguefrioproducoes.com\/wordpress\/#website\"},\"primaryImageOfPage\":{\"@id\":\"https:\/\/sanguefrioproducoes.com\/wordpress\/2026\/02\/27\/odiado-groove-metal-goiano-e-confirmado-como-a-forca-bruta-no-festival-zona-goth\/#primaryimage\"},\"image\":{\"@id\":\"https:\/\/sanguefrioproducoes.com\/wordpress\/2026\/02\/27\/odiado-groove-metal-goiano-e-confirmado-como-a-forca-bruta-no-festival-zona-goth\/#primaryimage\"},\"thumbnailUrl\":\"https:\/\/sanguefrioproducoes.com\/wordpress\/wp-content\/uploads\/2026\/02\/ODIADO_Zona_Goth.jpeg\",\"datePublished\":\"2026-02-27T17:49:25+00:00\",\"dateModified\":\"2026-02-27T17:49:25+00:00\",\"breadcrumb\":{\"@id\":\"https:\/\/sanguefrioproducoes.com\/wordpress\/2026\/02\/27\/odiado-groove-metal-goiano-e-confirmado-como-a-forca-bruta-no-festival-zona-goth\/#breadcrumb\"},\"inLanguage\":\"pt-BR\",\"potentialAction\":[{\"@type\":\"ReadAction\",\"target\":[\"https:\/\/sanguefrioproducoes.com\/wordpress\/2026\/02\/27\/odiado-groove-metal-goiano-e-confirmado-como-a-forca-bruta-no-festival-zona-goth\/\"]}]},{\"@type\":\"ImageObject\",\"inLanguage\":\"pt-BR\",\"@id\":\"https:\/\/sanguefrioproducoes.com\/wordpress\/2026\/02\/27\/odiado-groove-metal-goiano-e-confirmado-como-a-forca-bruta-no-festival-zona-goth\/#primaryimage\",\"url\":\"https:\/\/sanguefrioproducoes.com\/wordpress\/wp-content\/uploads\/2026\/02\/ODIADO_Zona_Goth.jpeg\",\"contentUrl\":\"https:\/\/sanguefrioproducoes.com\/wordpress\/wp-content\/uploads\/2026\/02\/ODIADO_Zona_Goth.jpeg\",\"width\":2048,\"height\":2560},{\"@type\":\"BreadcrumbList\",\"@id\":\"https:\/\/sanguefrioproducoes.com\/wordpress\/2026\/02\/27\/odiado-groove-metal-goiano-e-confirmado-como-a-forca-bruta-no-festival-zona-goth\/#breadcrumb\",\"itemListElement\":[{\"@type\":\"ListItem\",\"position\":1,\"name\":\"Home\",\"item\":\"https:\/\/sanguefrioproducoes.com\/wordpress\/\"},{\"@type\":\"ListItem\",\"position\":2,\"name\":\"ODIADO: Groove Metal goiano \u00e9 confirmado como a \u2018for\u00e7a bruta\u2019 no festival &#8216;Zona Goth&#8217;\"}]},{\"@type\":\"WebSite\",\"@id\":\"https:\/\/sanguefrioproducoes.com\/wordpress\/#website\",\"url\":\"https:\/\/sanguefrioproducoes.com\/wordpress\/\",\"name\":\"Sangue Frio Produ\u00e7\u00f5es\",\"description\":\"Empresa de marketing, assessoria de imprensa e rela\u00e7\u00f5es p\u00fablicas\",\"publisher\":{\"@id\":\"https:\/\/sanguefrioproducoes.com\/wordpress\/#organization\"},\"potentialAction\":[{\"@type\":\"SearchAction\",\"target\":{\"@type\":\"EntryPoint\",\"urlTemplate\":\"https:\/\/sanguefrioproducoes.com\/wordpress\/?s={search_term_string}\"},\"query-input\":{\"@type\":\"PropertyValueSpecification\",\"valueRequired\":true,\"valueName\":\"search_term_string\"}}],\"inLanguage\":\"pt-BR\"},{\"@type\":\"Organization\",\"@id\":\"https:\/\/sanguefrioproducoes.com\/wordpress\/#organization\",\"name\":\"Sangue Frio Produ\u00e7\u00f5es\",\"url\":\"https:\/\/sanguefrioproducoes.com\/wordpress\/\",\"logo\":{\"@type\":\"ImageObject\",\"inLanguage\":\"pt-BR\",\"@id\":\"https:\/\/sanguefrioproducoes.com\/wordpress\/#\/schema\/logo\/image\/\",\"url\":\"https:\/\/sanguefrioproducoes.com\/wordpress\/wp-content\/uploads\/2019\/12\/SANGUE_FRIO_PRODUCOES_Logo_Preto_Sem_Fundo.png\",\"contentUrl\":\"https:\/\/sanguefrioproducoes.com\/wordpress\/wp-content\/uploads\/2019\/12\/SANGUE_FRIO_PRODUCOES_Logo_Preto_Sem_Fundo.png\",\"width\":2096,\"height\":552,\"caption\":\"Sangue Frio Produ\u00e7\u00f5es\"},\"image\":{\"@id\":\"https:\/\/sanguefrioproducoes.com\/wordpress\/#\/schema\/logo\/image\/\"}},{\"@type\":\"Person\",\"@id\":\"https:\/\/sanguefrioproducoes.com\/wordpress\/#\/schema\/person\/b871057d03a45add355db403c4dbffba\",\"name\":\"sanguefrioproducoes\",\"image\":{\"@type\":\"ImageObject\",\"inLanguage\":\"pt-BR\",\"@id\":\"https:\/\/sanguefrioproducoes.com\/wordpress\/#\/schema\/person\/image\/\",\"url\":\"https:\/\/secure.gravatar.com\/avatar\/4d2c039d50166ee03f696824a140af4a?s=96&d=mm&r=g\",\"contentUrl\":\"https:\/\/secure.gravatar.com\/avatar\/4d2c039d50166ee03f696824a140af4a?s=96&d=mm&r=g\",\"caption\":\"sanguefrioproducoes\"},\"url\":\"https:\/\/sanguefrioproducoes.com\/wordpress\/author\/sanguefrioproducoes\/\"}]}<\/script>\n<!-- \/ Yoast SEO plugin. -->","yoast_head_json":{"title":"ODIADO: Groove Metal goiano \u00e9 confirmado como a \u2018for\u00e7a bruta\u2019 no festival 'Zona Goth' - Sangue Frio Produ\u00e7\u00f5es","robots":{"index":"index","follow":"follow","max-snippet":"max-snippet:-1","max-image-preview":"max-image-preview:large","max-video-preview":"max-video-preview:-1"},"canonical":"https:\/\/sanguefrioproducoes.com\/wordpress\/2026\/02\/27\/odiado-groove-metal-goiano-e-confirmado-como-a-forca-bruta-no-festival-zona-goth\/","og_locale":"pt_BR","og_type":"article","og_title":"ODIADO: Groove Metal goiano \u00e9 confirmado como a \u2018for\u00e7a bruta\u2019 no festival 'Zona Goth' - Sangue Frio Produ\u00e7\u00f5es","og_description":"O festival &#8216;Zona Goth&#8217; incendeia Goi\u00e2nia\/GO no dia 06 de mar\u00e7o de 2026, no Jupiter 9, unindo o peso avassalador do ODIADO \u00e0s performances de Amados Mortos e Electrical Storm. O evento, que tem in\u00edcio \u00e0s 20h, promete uma imers\u00e3o sonora no Setor Sul, contando ainda com discotecagem de Seven Anne &amp; \u00c1llex Ramone, al\u00e9m [&hellip;]","og_url":"https:\/\/sanguefrioproducoes.com\/wordpress\/2026\/02\/27\/odiado-groove-metal-goiano-e-confirmado-como-a-forca-bruta-no-festival-zona-goth\/","og_site_name":"Sangue Frio Produ\u00e7\u00f5es","article_published_time":"2026-02-27T17:49:25+00:00","og_image":[{"width":2048,"height":2560,"url":"http:\/\/sanguefrioproducoes.com\/wordpress\/wp-content\/uploads\/2026\/02\/ODIADO_Zona_Goth.jpeg","type":"image\/jpeg"}],"author":"sanguefrioproducoes","twitter_card":"summary_large_image","twitter_misc":{"Escrito por":"sanguefrioproducoes","Est. tempo de leitura":"3 minutos"},"schema":{"@context":"https:\/\/schema.org","@graph":[{"@type":"Article","@id":"https:\/\/sanguefrioproducoes.com\/wordpress\/2026\/02\/27\/odiado-groove-metal-goiano-e-confirmado-como-a-forca-bruta-no-festival-zona-goth\/#article","isPartOf":{"@id":"https:\/\/sanguefrioproducoes.com\/wordpress\/2026\/02\/27\/odiado-groove-metal-goiano-e-confirmado-como-a-forca-bruta-no-festival-zona-goth\/"},"author":{"name":"sanguefrioproducoes","@id":"https:\/\/sanguefrioproducoes.com\/wordpress\/#\/schema\/person\/b871057d03a45add355db403c4dbffba"},"headline":"ODIADO: Groove Metal goiano \u00e9 confirmado como a \u2018for\u00e7a bruta\u2019 no festival &#8216;Zona Goth&#8217;","datePublished":"2026-02-27T17:49:25+00:00","dateModified":"2026-02-27T17:49:25+00:00","mainEntityOfPage":{"@id":"https:\/\/sanguefrioproducoes.com\/wordpress\/2026\/02\/27\/odiado-groove-metal-goiano-e-confirmado-como-a-forca-bruta-no-festival-zona-goth\/"},"wordCount":445,"publisher":{"@id":"https:\/\/sanguefrioproducoes.com\/wordpress\/#organization"},"image":{"@id":"https:\/\/sanguefrioproducoes.com\/wordpress\/2026\/02\/27\/odiado-groove-metal-goiano-e-confirmado-como-a-forca-bruta-no-festival-zona-goth\/#primaryimage"},"thumbnailUrl":"https:\/\/sanguefrioproducoes.com\/wordpress\/wp-content\/uploads\/2026\/02\/ODIADO_Zona_Goth.jpeg","articleSection":["Shows"],"inLanguage":"pt-BR"},{"@type":"WebPage","@id":"https:\/\/sanguefrioproducoes.com\/wordpress\/2026\/02\/27\/odiado-groove-metal-goiano-e-confirmado-como-a-forca-bruta-no-festival-zona-goth\/","url":"https:\/\/sanguefrioproducoes.com\/wordpress\/2026\/02\/27\/odiado-groove-metal-goiano-e-confirmado-como-a-forca-bruta-no-festival-zona-goth\/","name":"ODIADO: Groove Metal goiano \u00e9 confirmado como a \u2018for\u00e7a bruta\u2019 no festival 'Zona Goth' - Sangue Frio Produ\u00e7\u00f5es","isPartOf":{"@id":"https:\/\/sanguefrioproducoes.com\/wordpress\/#website"},"primaryImageOfPage":{"@id":"https:\/\/sanguefrioproducoes.com\/wordpress\/2026\/02\/27\/odiado-groove-metal-goiano-e-confirmado-como-a-forca-bruta-no-festival-zona-goth\/#primaryimage"},"image":{"@id":"https:\/\/sanguefrioproducoes.com\/wordpress\/2026\/02\/27\/odiado-groove-metal-goiano-e-confirmado-como-a-forca-bruta-no-festival-zona-goth\/#primaryimage"},"thumbnailUrl":"https:\/\/sanguefrioproducoes.com\/wordpress\/wp-content\/uploads\/2026\/02\/ODIADO_Zona_Goth.jpeg","datePublished":"2026-02-27T17:49:25+00:00","dateModified":"2026-02-27T17:49:25+00:00","breadcrumb":{"@id":"https:\/\/sanguefrioproducoes.com\/wordpress\/2026\/02\/27\/odiado-groove-metal-goiano-e-confirmado-como-a-forca-bruta-no-festival-zona-goth\/#breadcrumb"},"inLanguage":"pt-BR","potentialAction":[{"@type":"ReadAction","target":["https:\/\/sanguefrioproducoes.com\/wordpress\/2026\/02\/27\/odiado-groove-metal-goiano-e-confirmado-como-a-forca-bruta-no-festival-zona-goth\/"]}]},{"@type":"ImageObject","inLanguage":"pt-BR","@id":"https:\/\/sanguefrioproducoes.com\/wordpress\/2026\/02\/27\/odiado-groove-metal-goiano-e-confirmado-como-a-forca-bruta-no-festival-zona-goth\/#primaryimage","url":"https:\/\/sanguefrioproducoes.com\/wordpress\/wp-content\/uploads\/2026\/02\/ODIADO_Zona_Goth.jpeg","contentUrl":"https:\/\/sanguefrioproducoes.com\/wordpress\/wp-content\/uploads\/2026\/02\/ODIADO_Zona_Goth.jpeg","width":2048,"height":2560},{"@type":"BreadcrumbList","@id":"https:\/\/sanguefrioproducoes.com\/wordpress\/2026\/02\/27\/odiado-groove-metal-goiano-e-confirmado-como-a-forca-bruta-no-festival-zona-goth\/#breadcrumb","itemListElement":[{"@type":"ListItem","position":1,"name":"Home","item":"https:\/\/sanguefrioproducoes.com\/wordpress\/"},{"@type":"ListItem","position":2,"name":"ODIADO: Groove Metal goiano \u00e9 confirmado como a \u2018for\u00e7a bruta\u2019 no festival &#8216;Zona Goth&#8217;"}]},{"@type":"WebSite","@id":"https:\/\/sanguefrioproducoes.com\/wordpress\/#website","url":"https:\/\/sanguefrioproducoes.com\/wordpress\/","name":"Sangue Frio Produ\u00e7\u00f5es","description":"Empresa de marketing, assessoria de imprensa e rela\u00e7\u00f5es p\u00fablicas","publisher":{"@id":"https:\/\/sanguefrioproducoes.com\/wordpress\/#organization"},"potentialAction":[{"@type":"SearchAction","target":{"@type":"EntryPoint","urlTemplate":"https:\/\/sanguefrioproducoes.com\/wordpress\/?s={search_term_string}"},"query-input":{"@type":"PropertyValueSpecification","valueRequired":true,"valueName":"search_term_string"}}],"inLanguage":"pt-BR"},{"@type":"Organization","@id":"https:\/\/sanguefrioproducoes.com\/wordpress\/#organization","name":"Sangue Frio Produ\u00e7\u00f5es","url":"https:\/\/sanguefrioproducoes.com\/wordpress\/","logo":{"@type":"ImageObject","inLanguage":"pt-BR","@id":"https:\/\/sanguefrioproducoes.com\/wordpress\/#\/schema\/logo\/image\/","url":"https:\/\/sanguefrioproducoes.com\/wordpress\/wp-content\/uploads\/2019\/12\/SANGUE_FRIO_PRODUCOES_Logo_Preto_Sem_Fundo.png","contentUrl":"https:\/\/sanguefrioproducoes.com\/wordpress\/wp-content\/uploads\/2019\/12\/SANGUE_FRIO_PRODUCOES_Logo_Preto_Sem_Fundo.png","width":2096,"height":552,"caption":"Sangue Frio Produ\u00e7\u00f5es"},"image":{"@id":"https:\/\/sanguefrioproducoes.com\/wordpress\/#\/schema\/logo\/image\/"}},{"@type":"Person","@id":"https:\/\/sanguefrioproducoes.com\/wordpress\/#\/schema\/person\/b871057d03a45add355db403c4dbffba","name":"sanguefrioproducoes","image":{"@type":"ImageObject","inLanguage":"pt-BR","@id":"https:\/\/sanguefrioproducoes.com\/wordpress\/#\/schema\/person\/image\/","url":"https:\/\/secure.gravatar.com\/avatar\/4d2c039d50166ee03f696824a140af4a?s=96&d=mm&r=g","contentUrl":"https:\/\/secure.gravatar.com\/avatar\/4d2c039d50166ee03f696824a140af4a?s=96&d=mm&r=g","caption":"sanguefrioproducoes"},"url":"https:\/\/sanguefrioproducoes.com\/wordpress\/author\/sanguefrioproducoes\/"}]}},"jetpack_featured_media_url":"https:\/\/sanguefrioproducoes.com\/wordpress\/wp-content\/uploads\/2026\/02\/ODIADO_Zona_Goth.jpeg","jetpack_sharing_enabled":true,"jetpack_likes_enabled":false,"_links":{"self":[{"href":"https:\/\/sanguefrioproducoes.com\/wordpress\/wp-json\/wp\/v2\/posts\/14391"}],"collection":[{"href":"https:\/\/sanguefrioproducoes.com\/wordpress\/wp-json\/wp\/v2\/posts"}],"about":[{"href":"https:\/\/sanguefrioproducoes.com\/wordpress\/wp-json\/wp\/v2\/types\/post"}],"author":[{"embeddable":true,"href":"https:\/\/sanguefrioproducoes.com\/wordpress\/wp-json\/wp\/v2\/users\/1"}],"replies":[{"embeddable":true,"href":"https:\/\/sanguefrioproducoes.com\/wordpress\/wp-json\/wp\/v2\/comments?post=14391"}],"version-history":[{"count":-4,"href":"https:\/\/sanguefrioproducoes.com\/wordpress\/wp-json\/wp\/v2\/posts\/14391\/revisions"}],"wp:featuredmedia":[{"embeddable":true,"href":"https:\/\/sanguefrioproducoes.com\/wordpress\/wp-json\/wp\/v2\/media\/14393"}],"wp:attachment":[{"href":"https:\/\/sanguefrioproducoes.com\/wordpress\/wp-json\/wp\/v2\/media?parent=14391"}],"wp:term":[{"taxonomy":"category","embeddable":true,"href":"https:\/\/sanguefrioproducoes.com\/wordpress\/wp-json\/wp\/v2\/categories?post=14391"},{"taxonomy":"post_tag","embeddable":true,"href":"https:\/\/sanguefrioproducoes.com\/wordpress\/wp-json\/wp\/v2\/tags?post=14391"}],"curies":[{"name":"wp","href":"https:\/\/api.w.org\/{rel}","templated":true}]}}